{"id":116315,"date":"2026-01-24T09:51:49","date_gmt":"2026-01-24T12:51:49","guid":{"rendered":"https:\/\/portalmovil.com.ar\/?p=116315"},"modified":"2026-01-24T09:51:50","modified_gmt":"2026-01-24T12:51:50","slug":"atraparon-a-un-sujeto-que-dano-un-movil-policial-en-barranqueras","status":"publish","type":"post","link":"https:\/\/portalmovil.com.ar\/index.php\/2026\/01\/24\/atraparon-a-un-sujeto-que-dano-un-movil-policial-en-barranqueras\/","title":{"rendered":"Atraparon a un sujeto que da\u00f1\u00f3 un m\u00f3vil policial en Barranqueras"},"content":{"rendered":"\n<p>Agentes del Servicio Externo de la Comisar\u00eda Primera detuvieron a un joven esta madrugada, alrededor de la 1, en avenida Alvear y Nahuel Huapi, cuando intentaba realizar una transacci\u00f3n comercial por una motocicleta de dudosa procedencia.<\/p>\n\n\n\n<p><br>El hecho se relaciona con un episodio ocurrido el pasado lunes, cuando un patrullero de la Comisar\u00eda Primera de Fontana sufri\u00f3 la rotura de su parabrisas tras ser impactado por un elemento arrojado por un individuo que luego se dio a la fuga.<\/p>\n\n\n\n<p><br>A partir de testimonios recolectados, se logr\u00f3 identificar al presunto autor y se solicit\u00f3 su inmediata captura. En el operativo de hoy, efectivos observaron a dos sujetos junto a dos motocicletas, reconociendo en uno de ellos al sospechoso.<\/p>\n\n\n\n<p><br>Ambos manifestaron que estaban a punto de concretar una operaci\u00f3n comercial por uno de los rodados, una Honda Wave color negra. Conforme a las actuaciones, los dos hombres, de 23 y 26 a\u00f1os, fueron trasladados junto a los motoveh\u00edculos a la unidad policial, donde el m\u00e1s joven fue notificado en la causa por \u201cSupuestos Da\u00f1os a Bienes del Estado\u201d.<\/p>\n","protected":false},"excerpt":{"rendered":"<p>Agentes del Servicio Externo de la Comisar\u00eda Primera detuvieron a un joven esta madrugada, alrededor de la 1, en avenida Alvear y Nahuel Huapi, cuando intentaba realizar una transacci\u00f3n comercial por una motocicleta de dudosa procedencia. El hecho se relaciona con un episodio ocurrido el pasado lunes, cuando un patrullero de la Comisar\u00eda Primera de &hellip;<\/p>\n","protected":false},"author":2,"featured_media":116316,"comment_status":"open","ping_status":"open","sticky":false,"template":"","format":"standard","meta":{"_jetpack_memberships_contains_paid_content":false,"footnotes":"","jetpack_publicize_message":"","jetpack_publicize_feature_enabled":true,"jetpack_social_post_already_shared":true,"jetpack_social_options":{"image_generator_settings":{"template":"highway","default_image_id":0,"font":"","enabled":false},"version":2}},"categories":[5,8],"tags":[],"class_list":["post-116315","post","type-post","status-publish","format-standard","has-post-thumbnail","hentry","category-chaco","category-policiales"],"jetpack_publicize_connections":[],"jetpack_featured_media_url":"https:\/\/portalmovil.com.ar\/wp-content\/uploads\/2026\/01\/IMG-20260124-WA0009.jpg","jetpack_sharing_enabled":true,"amp_enabled":true,"_links":{"self":[{"href":"https:\/\/portalmovil.com.ar\/index.php\/wp-json\/wp\/v2\/posts\/116315","targetHints":{"allow":["GET"]}}],"collection":[{"href":"https:\/\/portalmovil.com.ar\/index.php\/wp-json\/wp\/v2\/posts"}],"about":[{"href":"https:\/\/portalmovil.com.ar\/index.php\/wp-json\/wp\/v2\/types\/post"}],"author":[{"embeddable":true,"href":"https:\/\/portalmovil.com.ar\/index.php\/wp-json\/wp\/v2\/users\/2"}],"replies":[{"embeddable":true,"href":"https:\/\/portalmovil.com.ar\/index.php\/wp-json\/wp\/v2\/comments?post=116315"}],"version-history":[{"count":1,"href":"https:\/\/portalmovil.com.ar\/index.php\/wp-json\/wp\/v2\/posts\/116315\/revisions"}],"predecessor-version":[{"id":116317,"href":"https:\/\/portalmovil.com.ar\/index.php\/wp-json\/wp\/v2\/posts\/116315\/revisions\/116317"}],"wp:featuredmedia":[{"embeddable":true,"href":"https:\/\/portalmovil.com.ar\/index.php\/wp-json\/wp\/v2\/media\/116316"}],"wp:attachment":[{"href":"https:\/\/portalmovil.com.ar\/index.php\/wp-json\/wp\/v2\/media?parent=116315"}],"wp:term":[{"taxonomy":"category","embeddable":true,"href":"https:\/\/portalmovil.com.ar\/index.php\/wp-json\/wp\/v2\/categories?post=116315"},{"taxonomy":"post_tag","embeddable":true,"href":"https:\/\/portalmovil.com.ar\/index.php\/wp-json\/wp\/v2\/tags?post=116315"}],"curies":[{"name":"wp","href":"https:\/\/api.w.org\/{rel}","templated":true}]}}