{"id":116299,"date":"2026-01-23T19:00:02","date_gmt":"2026-01-23T22:00:02","guid":{"rendered":"https:\/\/portalmovil.com.ar\/?p=116299"},"modified":"2026-01-23T19:00:04","modified_gmt":"2026-01-23T22:00:04","slug":"no-habra-reduccion-de-prision-preventiva-para-un-policia-acusado-de-robar-cocaina","status":"publish","type":"post","link":"https:\/\/portalmovil.com.ar\/index.php\/2026\/01\/23\/no-habra-reduccion-de-prision-preventiva-para-un-policia-acusado-de-robar-cocaina\/","title":{"rendered":"No habr\u00e1 reducci\u00f3n de prisi\u00f3n preventiva para un polic\u00eda acusado de robar coca\u00edna"},"content":{"rendered":"\n<p>La Justicia federal rechaz\u00f3 un recurso presentado por la defensa de uno de los siete polic\u00edas acusados de robar coca\u00edna durante una quema oficial. El reclamo se centraba sobre la extensi\u00f3n de la prisi\u00f3n preventiva a 150 d\u00edas.<\/p>\n\n\n\n<p>Fue mediante una audiencia realizada en la C\u00e1mara Federal de Apelaciones y la impugnaci\u00f3n fue presentada por los abogados del comisario Rub\u00e9n H\u00e9ctor C\u00e9sar Alegre, detenido por el intento de robo de la droga junto a otros seis efectivos. La defensa del comisario impugn\u00f3 la resoluci\u00f3n dictada por el juez de Revisi\u00f3n Federal Enrique Jorge Bosch el pasado 8 de enero, que extend\u00eda la prisi\u00f3n de los polic\u00edas de 100 a 150 d\u00edas.<\/p>\n\n\n\n<p>Los abogados de Alegre indicaron que la extensi\u00f3n era \u00abarbitraria\u00bb y alegaron que la decisi\u00f3n afecta \u00abla divisi\u00f3n de roles del sistema acusatorio, vulneraci\u00f3n de la imparcialidad judicial, del debido proceso y del derecho de defensa\u00bb, indicando que el plazo es mayor al que fue solicitado por el Ministerio P\u00fablico Fiscal, por lo que pidieron la revocaci\u00f3n de la extensi\u00f3n.<\/p>\n\n\n\n<p>Por otro lado, desde el MPF rechazaron la impugnaci\u00f3n e indicaron que, originalmente, solicitaron que la prisi\u00f3n preventiva fuese de 199 d\u00edas.<\/p>\n\n\n\n<p>Finalmente, la jueza federal Roc\u00edo Alcal\u00e1 decidi\u00f3 rechazar la impugnaci\u00f3n, confirmando el plazo de 150 d\u00edas de prisi\u00f3n preventiva para los siete polic\u00edas acusados, con vencimiento el 16 de mayo de este a\u00f1o.<\/p>\n","protected":false},"excerpt":{"rendered":"<p>La Justicia federal rechaz\u00f3 un recurso presentado por la defensa de uno de los siete polic\u00edas acusados de robar coca\u00edna durante una quema oficial. El reclamo se centraba sobre la extensi\u00f3n de la prisi\u00f3n preventiva a 150 d\u00edas. Fue mediante una audiencia realizada en la C\u00e1mara Federal de Apelaciones y la impugnaci\u00f3n fue presentada por &hellip;<\/p>\n","protected":false},"author":2,"featured_media":116300,"comment_status":"open","ping_status":"open","sticky":false,"template":"","format":"standard","meta":{"_jetpack_memberships_contains_paid_content":false,"footnotes":"","jetpack_publicize_message":"","jetpack_publicize_feature_enabled":true,"jetpack_social_post_already_shared":true,"jetpack_social_options":{"image_generator_settings":{"template":"highway","default_image_id":0,"font":"","enabled":false},"version":2}},"categories":[5,50],"tags":[],"class_list":["post-116299","post","type-post","status-publish","format-standard","has-post-thumbnail","hentry","category-chaco","category-judiciales"],"jetpack_publicize_connections":[],"jetpack_featured_media_url":"https:\/\/portalmovil.com.ar\/wp-content\/uploads\/2026\/01\/IMG-20260123-WA0045.jpg","jetpack_sharing_enabled":true,"amp_enabled":true,"_links":{"self":[{"href":"https:\/\/portalmovil.com.ar\/index.php\/wp-json\/wp\/v2\/posts\/116299","targetHints":{"allow":["GET"]}}],"collection":[{"href":"https:\/\/portalmovil.com.ar\/index.php\/wp-json\/wp\/v2\/posts"}],"about":[{"href":"https:\/\/portalmovil.com.ar\/index.php\/wp-json\/wp\/v2\/types\/post"}],"author":[{"embeddable":true,"href":"https:\/\/portalmovil.com.ar\/index.php\/wp-json\/wp\/v2\/users\/2"}],"replies":[{"embeddable":true,"href":"https:\/\/portalmovil.com.ar\/index.php\/wp-json\/wp\/v2\/comments?post=116299"}],"version-history":[{"count":1,"href":"https:\/\/portalmovil.com.ar\/index.php\/wp-json\/wp\/v2\/posts\/116299\/revisions"}],"predecessor-version":[{"id":116301,"href":"https:\/\/portalmovil.com.ar\/index.php\/wp-json\/wp\/v2\/posts\/116299\/revisions\/116301"}],"wp:featuredmedia":[{"embeddable":true,"href":"https:\/\/portalmovil.com.ar\/index.php\/wp-json\/wp\/v2\/media\/116300"}],"wp:attachment":[{"href":"https:\/\/portalmovil.com.ar\/index.php\/wp-json\/wp\/v2\/media?parent=116299"}],"wp:term":[{"taxonomy":"category","embeddable":true,"href":"https:\/\/portalmovil.com.ar\/index.php\/wp-json\/wp\/v2\/categories?post=116299"},{"taxonomy":"post_tag","embeddable":true,"href":"https:\/\/portalmovil.com.ar\/index.php\/wp-json\/wp\/v2\/tags?post=116299"}],"curies":[{"name":"wp","href":"https:\/\/api.w.org\/{rel}","templated":true}]}}