{"id":116289,"date":"2026-01-23T09:50:49","date_gmt":"2026-01-23T12:50:49","guid":{"rendered":"https:\/\/portalmovil.com.ar\/?p=116289"},"modified":"2026-01-23T09:50:50","modified_gmt":"2026-01-23T12:50:50","slug":"trabajadores-de-secheep-fueron-embestidos-por-un-camion-uno-lucha-por-su-vida","status":"publish","type":"post","link":"https:\/\/portalmovil.com.ar\/index.php\/2026\/01\/23\/trabajadores-de-secheep-fueron-embestidos-por-un-camion-uno-lucha-por-su-vida\/","title":{"rendered":"Trabajadores de Secheep fueron embestidos por un cami\u00f3n: uno lucha por su vida"},"content":{"rendered":"\n<p>Dos operarios de la empresa Secheep resultaron heridos este jueves por la noche tras ser embestidos por un cami\u00f3n mientras realizaban tareas en altura. El hecho ocurri\u00f3 bajo jurisdicci\u00f3n de la Comisar\u00eda 12\u00aa y es materia de investigaci\u00f3n.<\/p>\n\n\n\n<p><br>El cami\u00f3n, un Mercedes Benz conducido por un hombre de 39 a\u00f1os domiciliado en Buenos Aires, impact\u00f3 contra los trabajadores, provocando su ca\u00edda. Uno de ellos, de 26 a\u00f1os, sufri\u00f3 traumatismo enc\u00e9falo craneano grave, mientras que el otro, de 43, present\u00f3 una herida cortante en el cuero cabelludo. Ambos fueron trasladados al Hospital Perrando.<\/p>\n","protected":false},"excerpt":{"rendered":"<p>Dos operarios de la empresa Secheep resultaron heridos este jueves por la noche tras ser embestidos por un cami\u00f3n mientras realizaban tareas en altura. El hecho ocurri\u00f3 bajo jurisdicci\u00f3n de la Comisar\u00eda 12\u00aa y es materia de investigaci\u00f3n. El cami\u00f3n, un Mercedes Benz conducido por un hombre de 39 a\u00f1os domiciliado en Buenos Aires, impact\u00f3 &hellip;<\/p>\n","protected":false},"author":2,"featured_media":116290,"comment_status":"open","ping_status":"open","sticky":false,"template":"","format":"standard","meta":{"_jetpack_memberships_contains_paid_content":false,"footnotes":"","jetpack_publicize_message":"","jetpack_publicize_feature_enabled":true,"jetpack_social_post_already_shared":true,"jetpack_social_options":{"image_generator_settings":{"template":"highway","default_image_id":0,"font":"","enabled":false},"version":2}},"categories":[5,8],"tags":[],"class_list":["post-116289","post","type-post","status-publish","format-standard","has-post-thumbnail","hentry","category-chaco","category-policiales"],"jetpack_publicize_connections":[],"jetpack_featured_media_url":"https:\/\/portalmovil.com.ar\/wp-content\/uploads\/2026\/01\/654876w480h360c.jpg.webp","jetpack_sharing_enabled":true,"amp_enabled":true,"_links":{"self":[{"href":"https:\/\/portalmovil.com.ar\/index.php\/wp-json\/wp\/v2\/posts\/116289","targetHints":{"allow":["GET"]}}],"collection":[{"href":"https:\/\/portalmovil.com.ar\/index.php\/wp-json\/wp\/v2\/posts"}],"about":[{"href":"https:\/\/portalmovil.com.ar\/index.php\/wp-json\/wp\/v2\/types\/post"}],"author":[{"embeddable":true,"href":"https:\/\/portalmovil.com.ar\/index.php\/wp-json\/wp\/v2\/users\/2"}],"replies":[{"embeddable":true,"href":"https:\/\/portalmovil.com.ar\/index.php\/wp-json\/wp\/v2\/comments?post=116289"}],"version-history":[{"count":1,"href":"https:\/\/portalmovil.com.ar\/index.php\/wp-json\/wp\/v2\/posts\/116289\/revisions"}],"predecessor-version":[{"id":116291,"href":"https:\/\/portalmovil.com.ar\/index.php\/wp-json\/wp\/v2\/posts\/116289\/revisions\/116291"}],"wp:featuredmedia":[{"embeddable":true,"href":"https:\/\/portalmovil.com.ar\/index.php\/wp-json\/wp\/v2\/media\/116290"}],"wp:attachment":[{"href":"https:\/\/portalmovil.com.ar\/index.php\/wp-json\/wp\/v2\/media?parent=116289"}],"wp:term":[{"taxonomy":"category","embeddable":true,"href":"https:\/\/portalmovil.com.ar\/index.php\/wp-json\/wp\/v2\/categories?post=116289"},{"taxonomy":"post_tag","embeddable":true,"href":"https:\/\/portalmovil.com.ar\/index.php\/wp-json\/wp\/v2\/tags?post=116289"}],"curies":[{"name":"wp","href":"https:\/\/api.w.org\/{rel}","templated":true}]}}