{"id":116283,"date":"2026-01-23T09:43:24","date_gmt":"2026-01-23T12:43:24","guid":{"rendered":"https:\/\/portalmovil.com.ar\/?p=116283"},"modified":"2026-01-23T09:43:26","modified_gmt":"2026-01-23T12:43:26","slug":"no-va-mas-sin-el-casco-colocado-multa-y-secuestro-inmediato-de-la-moto","status":"publish","type":"post","link":"https:\/\/portalmovil.com.ar\/index.php\/2026\/01\/23\/no-va-mas-sin-el-casco-colocado-multa-y-secuestro-inmediato-de-la-moto\/","title":{"rendered":"No va m\u00e1s: Sin el casco colocado, multa y secuestro inmediato de la moto"},"content":{"rendered":"\n<p>Un operativo de control vial encabezado por la Municipalidad de Resistencia junto a la Polic\u00eda del Chaco volvi\u00f3 a dejar al descubierto el incumplimiento del uso obligatorio del casco y otras faltas graves a las normas de tr\u00e1nsito en la ciudad.<\/p>\n\n\n\n<p>El procedimiento se llev\u00f3 adelante este lunes por la tarde en la intersecci\u00f3n de las avenidas Mac Lean y Marconi, donde se montaron puestos de control para motos y veh\u00edculos particulares con el objetivo de reforzar la seguridad vial.<\/p>\n\n\n\n<p>Como resultado del operativo se labraron 292 actas de infracci\u00f3n, se retuvieron 27 licencias de conducir y se procedi\u00f3 al secuestro de 92 motocicletas y un autom\u00f3vil, todos trasladados posteriormente al corral\u00f3n municipal.<\/p>\n\n\n\n<p>Durante los controles tambi\u00e9n fue demorado un motociclista que circulaba en una Keller 150 cc de color rojo, quien registraba un pedido de aprehensi\u00f3n vigente dispuesto por la Fiscal\u00eda en el marco de una causa por violencia de g\u00e9nero.<\/p>\n\n\n\n<p>Desde el \u00e1mbito municipal remarcaron que estos operativos continuar\u00e1n de manera sostenida en distintos puntos de Resistencia, ante la reiteraci\u00f3n de conductores que circulan sin casco y ponen en riesgo su vida y la de terceros.<\/p>\n\n\n\n<figure class=\"wp-block-image size-large\"><img loading=\"lazy\" decoding=\"async\" width=\"1024\" height=\"576\" src=\"https:\/\/portalmovil.com.ar\/wp-content\/uploads\/2026\/01\/20587-1024x576.jpg\" alt=\"\" class=\"wp-image-116284\" srcset=\"https:\/\/portalmovil.com.ar\/wp-content\/uploads\/2026\/01\/20587-1024x576.jpg 1024w, https:\/\/portalmovil.com.ar\/wp-content\/uploads\/2026\/01\/20587-300x169.jpg 300w, https:\/\/portalmovil.com.ar\/wp-content\/uploads\/2026\/01\/20587-768x432.jpg 768w, https:\/\/portalmovil.com.ar\/wp-content\/uploads\/2026\/01\/20587-1536x864.jpg 1536w, https:\/\/portalmovil.com.ar\/wp-content\/uploads\/2026\/01\/20587-2048x1152.jpg 2048w, https:\/\/portalmovil.com.ar\/wp-content\/uploads\/2026\/01\/20587-390x220.jpg 390w\" sizes=\"auto, (max-width: 1024px) 100vw, 1024px\" \/><\/figure>\n","protected":false},"excerpt":{"rendered":"<p>Un operativo de control vial encabezado por la Municipalidad de Resistencia junto a la Polic\u00eda del Chaco volvi\u00f3 a dejar al descubierto el incumplimiento del uso obligatorio del casco y otras faltas graves a las normas de tr\u00e1nsito en la ciudad. El procedimiento se llev\u00f3 adelante este lunes por la tarde en la intersecci\u00f3n de &hellip;<\/p>\n","protected":false},"author":2,"featured_media":116285,"comment_status":"open","ping_status":"open","sticky":false,"template":"","format":"standard","meta":{"_jetpack_memberships_contains_paid_content":false,"footnotes":"","jetpack_publicize_message":"","jetpack_publicize_feature_enabled":true,"jetpack_social_post_already_shared":true,"jetpack_social_options":{"image_generator_settings":{"template":"highway","default_image_id":0,"font":"","enabled":false},"version":2}},"categories":[8,37],"tags":[],"class_list":["post-116283","post","type-post","status-publish","format-standard","has-post-thumbnail","hentry","category-policiales","category-resistencia"],"jetpack_publicize_connections":[],"jetpack_featured_media_url":"https:\/\/portalmovil.com.ar\/wp-content\/uploads\/2026\/01\/IMG-20260123-WA0026-scaled.jpg","jetpack_sharing_enabled":true,"amp_enabled":true,"_links":{"self":[{"href":"https:\/\/portalmovil.com.ar\/index.php\/wp-json\/wp\/v2\/posts\/116283","targetHints":{"allow":["GET"]}}],"collection":[{"href":"https:\/\/portalmovil.com.ar\/index.php\/wp-json\/wp\/v2\/posts"}],"about":[{"href":"https:\/\/portalmovil.com.ar\/index.php\/wp-json\/wp\/v2\/types\/post"}],"author":[{"embeddable":true,"href":"https:\/\/portalmovil.com.ar\/index.php\/wp-json\/wp\/v2\/users\/2"}],"replies":[{"embeddable":true,"href":"https:\/\/portalmovil.com.ar\/index.php\/wp-json\/wp\/v2\/comments?post=116283"}],"version-history":[{"count":1,"href":"https:\/\/portalmovil.com.ar\/index.php\/wp-json\/wp\/v2\/posts\/116283\/revisions"}],"predecessor-version":[{"id":116286,"href":"https:\/\/portalmovil.com.ar\/index.php\/wp-json\/wp\/v2\/posts\/116283\/revisions\/116286"}],"wp:featuredmedia":[{"embeddable":true,"href":"https:\/\/portalmovil.com.ar\/index.php\/wp-json\/wp\/v2\/media\/116285"}],"wp:attachment":[{"href":"https:\/\/portalmovil.com.ar\/index.php\/wp-json\/wp\/v2\/media?parent=116283"}],"wp:term":[{"taxonomy":"category","embeddable":true,"href":"https:\/\/portalmovil.com.ar\/index.php\/wp-json\/wp\/v2\/categories?post=116283"},{"taxonomy":"post_tag","embeddable":true,"href":"https:\/\/portalmovil.com.ar\/index.php\/wp-json\/wp\/v2\/tags?post=116283"}],"curies":[{"name":"wp","href":"https:\/\/api.w.org\/{rel}","templated":true}]}}