{"id":116271,"date":"2026-01-22T18:39:51","date_gmt":"2026-01-22T21:39:51","guid":{"rendered":"https:\/\/portalmovil.com.ar\/?p=116271"},"modified":"2026-01-22T20:42:37","modified_gmt":"2026-01-22T23:42:37","slug":"chubut-espera-lluvias-en-medio-de-la-preocupacion-se-reactivaron-los-incendios-forestales","status":"publish","type":"post","link":"https:\/\/portalmovil.com.ar\/index.php\/2026\/01\/22\/chubut-espera-lluvias-en-medio-de-la-preocupacion-se-reactivaron-los-incendios-forestales\/","title":{"rendered":"Chubut espera lluvias en medio de la preocupaci\u00f3n: se reactivaron los incendios forestales"},"content":{"rendered":"\n<p>La emergencia \u00edgnea contin\u00faa desarroll\u00e1ndose en distintos puntos de Chubut, donde los incendios forestales siguen activos y obligan a un despliegue constante de recursos humanos y materiales.<\/p>\n\n\n\n<p>Con focos que se reactivaron en las \u00faltimas horas y condiciones adversas que dificultan el control de las llamas, la atenci\u00f3n de las autoridades y de los brigadistas est\u00e1 puesta en el clima y en la posible llegada de lluvias y chaparrones durante este jueves, un factor que podr\u00eda resultar determinante para contener el avance del fuego.<strong>De acuerdo con estimaciones oficiales, las llamas ya afectaron m\u00e1s de 30 mil hect\u00e1reas en distintos puntos de la provincia<\/strong>. El impacto de los incendios se extiende sobre amplias zonas del territorio chubutense y mantiene en alerta a los organismos provinciales y nacionales.<\/p>\n\n\n\n<p>En ese marco, el&nbsp;<strong>Servicio Meteorol\u00f3gico Nacional (SMN) emiti\u00f3 una alerta amarilla por lluvias intensas para el Parque Nacional Los Alerces y zonas aleda\u00f1as, condiciones que se mantendr\u00edan durante toda la jornada y que podr\u00edan modificar un escenario dominado hasta ahora por el calor extremo y la sequedad ambiental.<\/strong><\/p>\n\n\n\n<p><\/p>\n","protected":false},"excerpt":{"rendered":"<p>La emergencia \u00edgnea contin\u00faa desarroll\u00e1ndose en distintos puntos de Chubut, donde los incendios forestales siguen activos y obligan a un despliegue constante de recursos humanos y materiales. Con focos que se reactivaron en las \u00faltimas horas y condiciones adversas que dificultan el control de las llamas, la atenci\u00f3n de las autoridades y de los brigadistas &hellip;<\/p>\n","protected":false},"author":2,"featured_media":116272,"comment_status":"open","ping_status":"open","sticky":false,"template":"","format":"standard","meta":{"_jetpack_memberships_contains_paid_content":false,"footnotes":"","jetpack_publicize_message":"","jetpack_publicize_feature_enabled":true,"jetpack_social_post_already_shared":true,"jetpack_social_options":{"image_generator_settings":{"template":"highway","default_image_id":0,"font":"","enabled":false},"version":2}},"categories":[34],"tags":[],"class_list":["post-116271","post","type-post","status-publish","format-standard","has-post-thumbnail","hentry","category-nacional"],"jetpack_publicize_connections":[],"jetpack_featured_media_url":"https:\/\/portalmovil.com.ar\/wp-content\/uploads\/2026\/01\/incendios-chubut.webp","jetpack_sharing_enabled":true,"amp_enabled":true,"_links":{"self":[{"href":"https:\/\/portalmovil.com.ar\/index.php\/wp-json\/wp\/v2\/posts\/116271","targetHints":{"allow":["GET"]}}],"collection":[{"href":"https:\/\/portalmovil.com.ar\/index.php\/wp-json\/wp\/v2\/posts"}],"about":[{"href":"https:\/\/portalmovil.com.ar\/index.php\/wp-json\/wp\/v2\/types\/post"}],"author":[{"embeddable":true,"href":"https:\/\/portalmovil.com.ar\/index.php\/wp-json\/wp\/v2\/users\/2"}],"replies":[{"embeddable":true,"href":"https:\/\/portalmovil.com.ar\/index.php\/wp-json\/wp\/v2\/comments?post=116271"}],"version-history":[{"count":3,"href":"https:\/\/portalmovil.com.ar\/index.php\/wp-json\/wp\/v2\/posts\/116271\/revisions"}],"predecessor-version":[{"id":116278,"href":"https:\/\/portalmovil.com.ar\/index.php\/wp-json\/wp\/v2\/posts\/116271\/revisions\/116278"}],"wp:featuredmedia":[{"embeddable":true,"href":"https:\/\/portalmovil.com.ar\/index.php\/wp-json\/wp\/v2\/media\/116272"}],"wp:attachment":[{"href":"https:\/\/portalmovil.com.ar\/index.php\/wp-json\/wp\/v2\/media?parent=116271"}],"wp:term":[{"taxonomy":"category","embeddable":true,"href":"https:\/\/portalmovil.com.ar\/index.php\/wp-json\/wp\/v2\/categories?post=116271"},{"taxonomy":"post_tag","embeddable":true,"href":"https:\/\/portalmovil.com.ar\/index.php\/wp-json\/wp\/v2\/tags?post=116271"}],"curies":[{"name":"wp","href":"https:\/\/api.w.org\/{rel}","templated":true}]}}