{"id":116267,"date":"2026-01-22T17:36:57","date_gmt":"2026-01-22T20:36:57","guid":{"rendered":"https:\/\/portalmovil.com.ar\/?p=116267"},"modified":"2026-01-22T17:36:58","modified_gmt":"2026-01-22T20:36:58","slug":"las-ventas-en-supermercados-tuvieron-una-fuerte-caida-en-noviembre","status":"publish","type":"post","link":"https:\/\/portalmovil.com.ar\/index.php\/2026\/01\/22\/las-ventas-en-supermercados-tuvieron-una-fuerte-caida-en-noviembre\/","title":{"rendered":"Las ventas en supermercados tuvieron una fuerte ca\u00edda en noviembre"},"content":{"rendered":"\n<p><strong>El consumo familiar sigue sin repuntar, y en noviembre hubo fuertes ca\u00eddas en las ventas en supermercados y en autoservicios mayoristas<\/strong>, seg\u00fan inform\u00f3 este jueves el Instituto Nacional de Estad\u00edsticas y Censos (INDEC).<\/p>\n\n\n\n<p>El organismo precis\u00f3 que&nbsp;<strong>las ventas en supermercados registraron una baja del 2,8% comparado con el mismo mes del 2024<\/strong>. Fue el segundo resultado negativo interanual en los primeros 11 meses del 2025.<\/p>\n\n\n\n<p><a href=\"https:\/\/www.youtube.com\/@datachacostream\/streams\" target=\"_blank\" rel=\"noreferrer noopener\"><\/a><\/p>\n\n\n\n<p>Asimismo,&nbsp;<strong>en la comparaci\u00f3n mensual, el \u00edndice se desplom\u00f3 3,8%, y se constituy\u00f3 como la peor ca\u00edda desde el 2023<\/strong>.<\/p>\n\n\n\n<p>En tanto, el acumulado enero-noviembre de 2025 presenta una variaci\u00f3n positiva de 2,2% respecto a igual per\u00edodo de 2024.<\/p>\n\n\n\n<h2 class=\"wp-block-heading\">LAS VENTAS EN AUTOSERVICIOS MAYORISTAS SIGUEN SIN REPUNTAR<\/h2>\n\n\n\n<p>Por otra parte, el Indec inform\u00f3 que&nbsp;<strong>las ventas en autoservicios mayoristas registraron en noviembre una ca\u00edda interanual del 8,3%, y complet\u00f3 dos a\u00f1os (24 meses) consecutivos en baja<\/strong>.<\/p>\n\n\n\n<p>En tanto, el acumulado enero-noviembre de 2025 presenta una ca\u00edda de 7,7% respecto a igual per\u00edodo de 2024.<\/p>\n\n\n\n<p>Asimismo, el \u00edndice registr\u00f3 una suba de 1,3% en la comparaci\u00f3n mensual.&nbsp;<\/p>\n","protected":false},"excerpt":{"rendered":"<p>El consumo familiar sigue sin repuntar, y en noviembre hubo fuertes ca\u00eddas en las ventas en supermercados y en autoservicios mayoristas, seg\u00fan inform\u00f3 este jueves el Instituto Nacional de Estad\u00edsticas y Censos (INDEC). El organismo precis\u00f3 que&nbsp;las ventas en supermercados registraron una baja del 2,8% comparado con el mismo mes del 2024. Fue el segundo &hellip;<\/p>\n","protected":false},"author":2,"featured_media":116268,"comment_status":"open","ping_status":"open","sticky":false,"template":"","format":"standard","meta":{"_jetpack_memberships_contains_paid_content":false,"footnotes":"","jetpack_publicize_message":"","jetpack_publicize_feature_enabled":true,"jetpack_social_post_already_shared":true,"jetpack_social_options":{"image_generator_settings":{"template":"highway","default_image_id":0,"font":"","enabled":false},"version":2}},"categories":[5],"tags":[],"class_list":["post-116267","post","type-post","status-publish","format-standard","has-post-thumbnail","hentry","category-chaco"],"jetpack_publicize_connections":[],"jetpack_featured_media_url":"https:\/\/portalmovil.com.ar\/wp-content\/uploads\/2026\/01\/187062w850h477c.jpg.webp","jetpack_sharing_enabled":true,"amp_enabled":true,"_links":{"self":[{"href":"https:\/\/portalmovil.com.ar\/index.php\/wp-json\/wp\/v2\/posts\/116267","targetHints":{"allow":["GET"]}}],"collection":[{"href":"https:\/\/portalmovil.com.ar\/index.php\/wp-json\/wp\/v2\/posts"}],"about":[{"href":"https:\/\/portalmovil.com.ar\/index.php\/wp-json\/wp\/v2\/types\/post"}],"author":[{"embeddable":true,"href":"https:\/\/portalmovil.com.ar\/index.php\/wp-json\/wp\/v2\/users\/2"}],"replies":[{"embeddable":true,"href":"https:\/\/portalmovil.com.ar\/index.php\/wp-json\/wp\/v2\/comments?post=116267"}],"version-history":[{"count":1,"href":"https:\/\/portalmovil.com.ar\/index.php\/wp-json\/wp\/v2\/posts\/116267\/revisions"}],"predecessor-version":[{"id":116269,"href":"https:\/\/portalmovil.com.ar\/index.php\/wp-json\/wp\/v2\/posts\/116267\/revisions\/116269"}],"wp:featuredmedia":[{"embeddable":true,"href":"https:\/\/portalmovil.com.ar\/index.php\/wp-json\/wp\/v2\/media\/116268"}],"wp:attachment":[{"href":"https:\/\/portalmovil.com.ar\/index.php\/wp-json\/wp\/v2\/media?parent=116267"}],"wp:term":[{"taxonomy":"category","embeddable":true,"href":"https:\/\/portalmovil.com.ar\/index.php\/wp-json\/wp\/v2\/categories?post=116267"},{"taxonomy":"post_tag","embeddable":true,"href":"https:\/\/portalmovil.com.ar\/index.php\/wp-json\/wp\/v2\/tags?post=116267"}],"curies":[{"name":"wp","href":"https:\/\/api.w.org\/{rel}","templated":true}]}}