{"id":116261,"date":"2026-01-22T17:13:26","date_gmt":"2026-01-22T20:13:26","guid":{"rendered":"https:\/\/portalmovil.com.ar\/?p=116261"},"modified":"2026-01-22T17:13:28","modified_gmt":"2026-01-22T20:13:28","slug":"avanzan-las-obras-en-la-ruta-provincial-n-9-bajo-la-supervision-de-zdero","status":"publish","type":"post","link":"https:\/\/portalmovil.com.ar\/index.php\/2026\/01\/22\/avanzan-las-obras-en-la-ruta-provincial-n-9-bajo-la-supervision-de-zdero\/","title":{"rendered":"Avanzan las obras en la Ruta Provincial N\u00b0 9 bajo la supervisi\u00f3n de Zdero"},"content":{"rendered":"\n<p>El gobernador, Leandro Zdero, supervis\u00f3&nbsp; este jueves las obras de reparaci\u00f3n que se ejecutan sobre la Ruta Provincial N\u00b0 9, en el tramo Capit\u00e1n Solari y Colonias Unidas, correspondiente a la etapa 2 del proyecto, cuyo avance actual es del 76 %. En ese contexto, destac\u00f3 la importancia de los trabajos \u00abpara fortalecer la infraestructura vial, garantizar mayor seguridad a los usuarios y acompa\u00f1ar el desarrollo productivo y social de las localidades involucradas\u00bb.<\/p>\n\n\n\n<p>Acompa\u00f1ado del subadministrador de Vialidad Provincial, Gustavo De Martini, el Gobernador remarc\u00f3 \u00abel compromiso del Gobierno provincial de continuar invirtiendo en el mantenimiento y la mejora de las rutas chaque\u00f1as. Seguimos trabajando en la conectividad de nuestra provincia, un sue\u00f1o anhelado para los pobladores de la zona, de seguir en el bacheo y en las reparaciones de la ruta 9\u00bb.<\/p>\n\n\n\n<p>La obra tiene como objetivo el bacheo profundo sobre pavimento de hormig\u00f3n, para mejorar las condiciones de transitabilidad y seguridad vial. Los trabajos est\u00e1n previsto que finalicen a mediados de febrero de 2026. El sector presenta m\u00faltiples fisuras, algunas con escalonamientos, despostillamientos y bacheos previos tratados con mezcla asf\u00e1ltica, los cuales son intervenidos para su correcta reparaci\u00f3n.<\/p>\n\n\n\n<p>As\u00ed, la obra contempla el reemplazo aproximado de 2.980,89 metros cuadrados de losas de hormig\u00f3n tipo H-30, con un espesor de 0,20 metros. Las tareas incluyen la demolici\u00f3n de las losas fisuradas, la excavaci\u00f3n del suelo subyacente, el relleno con suelo compactado y la ejecuci\u00f3n de una base de mortero tipo RDC de 0,20 metros.<\/p>\n\n\n\n<p>Adem\u00e1s, se llevan adelante trabajos de limpieza y sellado de juntas y fisuras en todo el tramo comprendido entre el acceso a Capit\u00e1n Solari, hasta la rotonda de la Ruta Provincial N\u00b0 9 en su intersecci\u00f3n con la Ruta Provincial N\u00b0 7.<\/p>\n","protected":false},"excerpt":{"rendered":"<p>El gobernador, Leandro Zdero, supervis\u00f3&nbsp; este jueves las obras de reparaci\u00f3n que se ejecutan sobre la Ruta Provincial N\u00b0 9, en el tramo Capit\u00e1n Solari y Colonias Unidas, correspondiente a la etapa 2 del proyecto, cuyo avance actual es del 76 %. En ese contexto, destac\u00f3 la importancia de los trabajos \u00abpara fortalecer la infraestructura &hellip;<\/p>\n","protected":false},"author":2,"featured_media":116262,"comment_status":"open","ping_status":"open","sticky":false,"template":"","format":"standard","meta":{"_jetpack_memberships_contains_paid_content":false,"footnotes":"","jetpack_publicize_message":"","jetpack_publicize_feature_enabled":true,"jetpack_social_post_already_shared":true,"jetpack_social_options":{"image_generator_settings":{"template":"highway","default_image_id":0,"font":"","enabled":false},"version":2}},"categories":[5,14],"tags":[],"class_list":["post-116261","post","type-post","status-publish","format-standard","has-post-thumbnail","hentry","category-chaco","category-politica"],"jetpack_publicize_connections":[],"jetpack_featured_media_url":"https:\/\/portalmovil.com.ar\/wp-content\/uploads\/2026\/01\/654851w440h293c.jpg.webp","jetpack_sharing_enabled":true,"amp_enabled":true,"_links":{"self":[{"href":"https:\/\/portalmovil.com.ar\/index.php\/wp-json\/wp\/v2\/posts\/116261","targetHints":{"allow":["GET"]}}],"collection":[{"href":"https:\/\/portalmovil.com.ar\/index.php\/wp-json\/wp\/v2\/posts"}],"about":[{"href":"https:\/\/portalmovil.com.ar\/index.php\/wp-json\/wp\/v2\/types\/post"}],"author":[{"embeddable":true,"href":"https:\/\/portalmovil.com.ar\/index.php\/wp-json\/wp\/v2\/users\/2"}],"replies":[{"embeddable":true,"href":"https:\/\/portalmovil.com.ar\/index.php\/wp-json\/wp\/v2\/comments?post=116261"}],"version-history":[{"count":1,"href":"https:\/\/portalmovil.com.ar\/index.php\/wp-json\/wp\/v2\/posts\/116261\/revisions"}],"predecessor-version":[{"id":116263,"href":"https:\/\/portalmovil.com.ar\/index.php\/wp-json\/wp\/v2\/posts\/116261\/revisions\/116263"}],"wp:featuredmedia":[{"embeddable":true,"href":"https:\/\/portalmovil.com.ar\/index.php\/wp-json\/wp\/v2\/media\/116262"}],"wp:attachment":[{"href":"https:\/\/portalmovil.com.ar\/index.php\/wp-json\/wp\/v2\/media?parent=116261"}],"wp:term":[{"taxonomy":"category","embeddable":true,"href":"https:\/\/portalmovil.com.ar\/index.php\/wp-json\/wp\/v2\/categories?post=116261"},{"taxonomy":"post_tag","embeddable":true,"href":"https:\/\/portalmovil.com.ar\/index.php\/wp-json\/wp\/v2\/tags?post=116261"}],"curies":[{"name":"wp","href":"https:\/\/api.w.org\/{rel}","templated":true}]}}