{"id":116236,"date":"2026-01-22T08:55:51","date_gmt":"2026-01-22T11:55:51","guid":{"rendered":"https:\/\/portalmovil.com.ar\/?p=116236"},"modified":"2026-01-22T08:55:54","modified_gmt":"2026-01-22T11:55:54","slug":"renuncio-el-secretario-de-transporte-luis-pierrini-sera-reemplazado-por-fernando-herrmann","status":"publish","type":"post","link":"https:\/\/portalmovil.com.ar\/index.php\/2026\/01\/22\/renuncio-el-secretario-de-transporte-luis-pierrini-sera-reemplazado-por-fernando-herrmann\/","title":{"rendered":"Renunci\u00f3 el secretario de Transporte, Luis Pierrini: ser\u00e1 reemplazado por Fernando Herrmann"},"content":{"rendered":"\n<p><strong>El secretario de Transporte de la Naci\u00f3n, Luis Pierrini, present\u00f3 su renuncia al cargo y dej\u00f3 formalmente la funci\u00f3n en medio de un escenario de fuerte tensi\u00f3n dentro del sector. Seg\u00fan inform\u00f3 el Gobierno, la decisi\u00f3n respondi\u00f3 a motivos personales.<\/strong>&nbsp;<\/p>\n\n\n\n<p>La salida fue confirmada a trav\u00e9s de un comunicado oficial, en el que el ministro de Econom\u00eda, Luis Caputo, agradeci\u00f3 el trabajo realizado por Pierrini durante su paso por la Secretar\u00eda.<\/p>\n\n\n\n<p><a href=\"https:\/\/www.youtube.com\/@datachacostream\/streams\" target=\"_blank\" rel=\"noreferrer noopener\"><\/a><\/p>\n\n\n\n<p><strong>El cambio de autoridades se produce luego de un conflicto de alto voltaje entre empresas de colectivos por el reparto de los subsidios, una disputa que expuso internas, acusaciones cruzadas y denuncias millonarias.<\/strong><\/p>\n\n\n\n<p><strong>Para ocupar el cargo fue designado Fernando Herrmann, quien asumir\u00e1 al frente de la cartera de Transporte. Desde el Gobierno destacaron su perfil t\u00e9cnico y su experiencia vinculada al desarrollo de obras de infraestructura y a la gesti\u00f3n del sector.<\/strong><\/p>\n\n\n\n<p>Herrmann es arquitecto, con orientaci\u00f3n en sistemas constructivos especiales, egresado de la Universidad de Belgrano, y cuenta adem\u00e1s con un Executive Master en Administraci\u00f3n de Empresas (EMBA) del IAE. En su trayectoria profesional se desempe\u00f1\u00f3 como docente en distintas instituciones acad\u00e9micas, entre ellas la Facultad de Arquitectura, Dise\u00f1o y Urbanismo (FADU), el Consejo Profesional de Arquitectura y Urbanismo (CPAU), la Universidad Nacional de San Mart\u00edn (UNSAM) y la Federaci\u00f3n Argentina de Universidades Privadas (FAUP).<\/p>\n","protected":false},"excerpt":{"rendered":"<p>El secretario de Transporte de la Naci\u00f3n, Luis Pierrini, present\u00f3 su renuncia al cargo y dej\u00f3 formalmente la funci\u00f3n en medio de un escenario de fuerte tensi\u00f3n dentro del sector. Seg\u00fan inform\u00f3 el Gobierno, la decisi\u00f3n respondi\u00f3 a motivos personales.&nbsp; La salida fue confirmada a trav\u00e9s de un comunicado oficial, en el que el ministro &hellip;<\/p>\n","protected":false},"author":2,"featured_media":116237,"comment_status":"open","ping_status":"open","sticky":false,"template":"","format":"standard","meta":{"_jetpack_memberships_contains_paid_content":false,"footnotes":"","jetpack_publicize_message":"","jetpack_publicize_feature_enabled":true,"jetpack_social_post_already_shared":true,"jetpack_social_options":{"image_generator_settings":{"template":"highway","default_image_id":0,"font":"","enabled":false},"version":2}},"categories":[639,14],"tags":[],"class_list":["post-116236","post","type-post","status-publish","format-standard","has-post-thumbnail","hentry","category-argentina","category-politica"],"jetpack_publicize_connections":[],"jetpack_featured_media_url":"https:\/\/portalmovil.com.ar\/wp-content\/uploads\/2026\/01\/50c16434-7076-4aac-9b1e-28297b9a6eb1.jpg","jetpack_sharing_enabled":true,"amp_enabled":true,"_links":{"self":[{"href":"https:\/\/portalmovil.com.ar\/index.php\/wp-json\/wp\/v2\/posts\/116236","targetHints":{"allow":["GET"]}}],"collection":[{"href":"https:\/\/portalmovil.com.ar\/index.php\/wp-json\/wp\/v2\/posts"}],"about":[{"href":"https:\/\/portalmovil.com.ar\/index.php\/wp-json\/wp\/v2\/types\/post"}],"author":[{"embeddable":true,"href":"https:\/\/portalmovil.com.ar\/index.php\/wp-json\/wp\/v2\/users\/2"}],"replies":[{"embeddable":true,"href":"https:\/\/portalmovil.com.ar\/index.php\/wp-json\/wp\/v2\/comments?post=116236"}],"version-history":[{"count":1,"href":"https:\/\/portalmovil.com.ar\/index.php\/wp-json\/wp\/v2\/posts\/116236\/revisions"}],"predecessor-version":[{"id":116238,"href":"https:\/\/portalmovil.com.ar\/index.php\/wp-json\/wp\/v2\/posts\/116236\/revisions\/116238"}],"wp:featuredmedia":[{"embeddable":true,"href":"https:\/\/portalmovil.com.ar\/index.php\/wp-json\/wp\/v2\/media\/116237"}],"wp:attachment":[{"href":"https:\/\/portalmovil.com.ar\/index.php\/wp-json\/wp\/v2\/media?parent=116236"}],"wp:term":[{"taxonomy":"category","embeddable":true,"href":"https:\/\/portalmovil.com.ar\/index.php\/wp-json\/wp\/v2\/categories?post=116236"},{"taxonomy":"post_tag","embeddable":true,"href":"https:\/\/portalmovil.com.ar\/index.php\/wp-json\/wp\/v2\/tags?post=116236"}],"curies":[{"name":"wp","href":"https:\/\/api.w.org\/{rel}","templated":true}]}}