{"id":116219,"date":"2026-01-21T18:33:51","date_gmt":"2026-01-21T21:33:51","guid":{"rendered":"https:\/\/portalmovil.com.ar\/?p=116219"},"modified":"2026-01-21T18:33:52","modified_gmt":"2026-01-21T21:33:52","slug":"zdero-entrego-patrulleros-y-titulos-fiscales-en-general-vedia","status":"publish","type":"post","link":"https:\/\/portalmovil.com.ar\/index.php\/2026\/01\/21\/zdero-entrego-patrulleros-y-titulos-fiscales-en-general-vedia\/","title":{"rendered":"Zdero entreg\u00f3 patrulleros y t\u00edtulos fiscales en General Vedia\u00a0"},"content":{"rendered":"\n<p>17:41 hs<\/p>\n\n\n\n<p>El gobernador Leandro Zdero encabez\u00f3 hoy en General Vedia un acto en el que se entregaron m\u00f3viles policiales, chalecos, adem\u00e1s de adjudicaciones y t\u00edtulos de tierras fiscales, en una jornada que combin\u00f3 el fortalecimiento de la seguridad p\u00fablica y la regularizaci\u00f3n dominial en el departamento Bermejo.<\/p>\n\n\n\n<p>Durante la actividad, el mandatario destac\u00f3 el alcance de las acciones que el Gobierno Provincial viene desarrollando en todo el territorio chaque\u00f1o. \u00abEn el coraz\u00f3n del departamento Bermejo, aqu\u00ed en Vedia, en la cuna del escudo de nuestra provincia, estamos entregando m\u00f3viles para la seguridad p\u00fablica, tanto para las comisar\u00edas como para la Divisi\u00f3n de Violencia de G\u00e9nero, que era la \u00faltima que faltaba equipar en el departamento. Se trata de un veh\u00edculo cero kil\u00f3metro que nos permite seguir reforzando el plan de seguridad para combatir el narcotr\u00e1fico, el crimen organizado y el delito, tanto en el campo como en la ciudad\u00bb, expres\u00f3 Zdero.<\/p>\n\n\n\n<p>En ese marco, el gobernador acompa\u00f1ado por la presidente del Instituto de Tierras Fiscales, Marilyn Canata, subray\u00f3 tambi\u00e9n la importancia de la entrega de t\u00edtulos de propiedad. \u00abEstamos cumpliendo el sue\u00f1o de muchas familias que esperaron 35, 40 a\u00f1os o m\u00e1s por su t\u00edtulo. A lo largo y a lo ancho de la provincia nos encontramos con estas historias de vida. Normalizar la situaci\u00f3n de las tierras fiscales es cumplir con un derecho y con el sue\u00f1o de la provincia\u00bb, afirm\u00f3, remarcando el trabajo que lleva adelante el Instituto de Tierras para dar respuesta a una problem\u00e1tica hist\u00f3rica.<\/p>\n\n\n\n<p>Zdero se\u00f1al\u00f3 adem\u00e1s que el Gobierno Provincial contin\u00faa avanzando en la recuperaci\u00f3n de bienes del Estado. \u00abHemos recuperado campos y propiedades que estaban siendo utilizadas de manera irregular, para que vuelvan a cumplir una funci\u00f3n social, como comisar\u00edas, edificios p\u00fablicos, centros culturales y espacios para la comunidad. Este trabajo apunta a terminar con viejas pr\u00e1cticas y a darle soluciones concretas a la gente\u00bb, sostuvo.<\/p>\n\n\n\n<p>Asimismo, el mandatario remarc\u00f3 que estas acciones se desarrollan de manera articulada y responsable, tanto en materia de tierras fiscales como de seguridad. En ese sentido, anunci\u00f3 la continuidad de los operativos en zonas de frontera, como Puerto Eva Per\u00f3n, donde se trabaja en coordinaci\u00f3n con fuerzas nacionales para reforzar los controles y garantizar la seguridad de los chaque\u00f1os.<\/p>\n","protected":false},"excerpt":{"rendered":"<p>17:41 hs El gobernador Leandro Zdero encabez\u00f3 hoy en General Vedia un acto en el que se entregaron m\u00f3viles policiales, chalecos, adem\u00e1s de adjudicaciones y t\u00edtulos de tierras fiscales, en una jornada que combin\u00f3 el fortalecimiento de la seguridad p\u00fablica y la regularizaci\u00f3n dominial en el departamento Bermejo. Durante la actividad, el mandatario destac\u00f3 el &hellip;<\/p>\n","protected":false},"author":2,"featured_media":116220,"comment_status":"open","ping_status":"open","sticky":false,"template":"","format":"standard","meta":{"_jetpack_memberships_contains_paid_content":false,"footnotes":"","jetpack_publicize_message":"","jetpack_publicize_feature_enabled":true,"jetpack_social_post_already_shared":true,"jetpack_social_options":{"image_generator_settings":{"template":"highway","default_image_id":0,"font":"","enabled":false},"version":2}},"categories":[5,14],"tags":[],"class_list":["post-116219","post","type-post","status-publish","format-standard","has-post-thumbnail","hentry","category-chaco","category-politica"],"jetpack_publicize_connections":[],"jetpack_featured_media_url":"https:\/\/portalmovil.com.ar\/wp-content\/uploads\/2026\/01\/654781w480h330c.jpg.webp","jetpack_sharing_enabled":true,"amp_enabled":true,"_links":{"self":[{"href":"https:\/\/portalmovil.com.ar\/index.php\/wp-json\/wp\/v2\/posts\/116219","targetHints":{"allow":["GET"]}}],"collection":[{"href":"https:\/\/portalmovil.com.ar\/index.php\/wp-json\/wp\/v2\/posts"}],"about":[{"href":"https:\/\/portalmovil.com.ar\/index.php\/wp-json\/wp\/v2\/types\/post"}],"author":[{"embeddable":true,"href":"https:\/\/portalmovil.com.ar\/index.php\/wp-json\/wp\/v2\/users\/2"}],"replies":[{"embeddable":true,"href":"https:\/\/portalmovil.com.ar\/index.php\/wp-json\/wp\/v2\/comments?post=116219"}],"version-history":[{"count":1,"href":"https:\/\/portalmovil.com.ar\/index.php\/wp-json\/wp\/v2\/posts\/116219\/revisions"}],"predecessor-version":[{"id":116221,"href":"https:\/\/portalmovil.com.ar\/index.php\/wp-json\/wp\/v2\/posts\/116219\/revisions\/116221"}],"wp:featuredmedia":[{"embeddable":true,"href":"https:\/\/portalmovil.com.ar\/index.php\/wp-json\/wp\/v2\/media\/116220"}],"wp:attachment":[{"href":"https:\/\/portalmovil.com.ar\/index.php\/wp-json\/wp\/v2\/media?parent=116219"}],"wp:term":[{"taxonomy":"category","embeddable":true,"href":"https:\/\/portalmovil.com.ar\/index.php\/wp-json\/wp\/v2\/categories?post=116219"},{"taxonomy":"post_tag","embeddable":true,"href":"https:\/\/portalmovil.com.ar\/index.php\/wp-json\/wp\/v2\/tags?post=116219"}],"curies":[{"name":"wp","href":"https:\/\/api.w.org\/{rel}","templated":true}]}}