{"id":116203,"date":"2026-01-21T08:42:44","date_gmt":"2026-01-21T11:42:44","guid":{"rendered":"https:\/\/portalmovil.com.ar\/?p=116203"},"modified":"2026-01-21T08:42:45","modified_gmt":"2026-01-21T11:42:45","slug":"detuvieron-a-la-mujer-por-agredir-a-un-inspector-de-transito-en-charata","status":"publish","type":"post","link":"https:\/\/portalmovil.com.ar\/index.php\/2026\/01\/21\/detuvieron-a-la-mujer-por-agredir-a-un-inspector-de-transito-en-charata\/","title":{"rendered":"Detuvieron a la mujer por agredir a un inspector de tr\u00e1nsito en Charata"},"content":{"rendered":"\n<h3 class=\"wp-block-heading\"><strong>En la noche de este martes, aproximadamente a las 20:50, personal del servicio externo y personal de guardia de Charata procedi\u00f3 a la conducci\u00f3n de I.F.F.D, de 25 a\u00f1os, quien\u00a0se hab\u00eda negado a un control de tr\u00e1nsito y mand\u00f3 a llamar a dos hombres para que agredan a un inspector.<\/strong>\u00a0<\/h3>\n\n\n\n<p>La misma, adem\u00e1s,&nbsp;<strong>entreg\u00f3 una carpeta con formularios de actas de retenci\u00f3n de la Secretar\u00eda de Tr\u00e1nsito y Contravenciones del Municipio local.<\/strong><\/p>\n\n\n\n<p><a href=\"https:\/\/www.youtube.com\/@datachacostream\/streams\" target=\"_blank\" rel=\"noreferrer noopener\"><\/a><\/p>\n\n\n\n<p><strong>En relaci\u00f3n a los dos hombres restantes que fueron acusados, se estableci\u00f3 que uno de los mismo ser\u00eda el progenitor de la aprehendida, el se\u00f1or A.F, de 44 a\u00f1os,<\/strong>&nbsp;posiblemente domiciliado en S\u00e1enz Pe\u00f1a, quien en la madrugada habr\u00eda viajado en tren desde esta ciudad, ignor\u00e1ndose su destino.<\/p>\n\n\n\n<p>Puesto en conocimiento el fiscal en turno dispuso que se notifique aprehensi\u00f3n a la joven, en la causa de referencia, hasta las 23 y luego que se notifique libertad.<strong>&nbsp;Persiste aprehensi\u00f3n de A.F., y el hombre restante no identificado. Se solicito colaboraci\u00f3n de la Divisi\u00f3n Investigaciones.<\/strong><\/p>\n","protected":false},"excerpt":{"rendered":"<p>En la noche de este martes, aproximadamente a las 20:50, personal del servicio externo y personal de guardia de Charata procedi\u00f3 a la conducci\u00f3n de I.F.F.D, de 25 a\u00f1os, quien\u00a0se hab\u00eda negado a un control de tr\u00e1nsito y mand\u00f3 a llamar a dos hombres para que agredan a un inspector.\u00a0 La misma, adem\u00e1s,&nbsp;entreg\u00f3 una carpeta &hellip;<\/p>\n","protected":false},"author":2,"featured_media":116204,"comment_status":"open","ping_status":"open","sticky":false,"template":"","format":"standard","meta":{"_jetpack_memberships_contains_paid_content":false,"footnotes":"","jetpack_publicize_message":"","jetpack_publicize_feature_enabled":true,"jetpack_social_post_already_shared":true,"jetpack_social_options":{"image_generator_settings":{"template":"highway","default_image_id":0,"font":"","enabled":false},"version":2}},"categories":[5,8],"tags":[],"class_list":["post-116203","post","type-post","status-publish","format-standard","has-post-thumbnail","hentry","category-chaco","category-policiales"],"jetpack_publicize_connections":[],"jetpack_featured_media_url":"https:\/\/portalmovil.com.ar\/wp-content\/uploads\/2026\/01\/186997w480h291c.jpg.webp","jetpack_sharing_enabled":true,"amp_enabled":true,"_links":{"self":[{"href":"https:\/\/portalmovil.com.ar\/index.php\/wp-json\/wp\/v2\/posts\/116203","targetHints":{"allow":["GET"]}}],"collection":[{"href":"https:\/\/portalmovil.com.ar\/index.php\/wp-json\/wp\/v2\/posts"}],"about":[{"href":"https:\/\/portalmovil.com.ar\/index.php\/wp-json\/wp\/v2\/types\/post"}],"author":[{"embeddable":true,"href":"https:\/\/portalmovil.com.ar\/index.php\/wp-json\/wp\/v2\/users\/2"}],"replies":[{"embeddable":true,"href":"https:\/\/portalmovil.com.ar\/index.php\/wp-json\/wp\/v2\/comments?post=116203"}],"version-history":[{"count":1,"href":"https:\/\/portalmovil.com.ar\/index.php\/wp-json\/wp\/v2\/posts\/116203\/revisions"}],"predecessor-version":[{"id":116205,"href":"https:\/\/portalmovil.com.ar\/index.php\/wp-json\/wp\/v2\/posts\/116203\/revisions\/116205"}],"wp:featuredmedia":[{"embeddable":true,"href":"https:\/\/portalmovil.com.ar\/index.php\/wp-json\/wp\/v2\/media\/116204"}],"wp:attachment":[{"href":"https:\/\/portalmovil.com.ar\/index.php\/wp-json\/wp\/v2\/media?parent=116203"}],"wp:term":[{"taxonomy":"category","embeddable":true,"href":"https:\/\/portalmovil.com.ar\/index.php\/wp-json\/wp\/v2\/categories?post=116203"},{"taxonomy":"post_tag","embeddable":true,"href":"https:\/\/portalmovil.com.ar\/index.php\/wp-json\/wp\/v2\/tags?post=116203"}],"curies":[{"name":"wp","href":"https:\/\/api.w.org\/{rel}","templated":true}]}}