{"id":116200,"date":"2026-01-21T07:57:37","date_gmt":"2026-01-21T10:57:37","guid":{"rendered":"https:\/\/portalmovil.com.ar\/?p=116200"},"modified":"2026-01-21T07:57:39","modified_gmt":"2026-01-21T10:57:39","slug":"se-realizo-trabajos-de-saneamiento-y-limpieza-en-distintos-puntos-de-barranqueras","status":"publish","type":"post","link":"https:\/\/portalmovil.com.ar\/index.php\/2026\/01\/21\/se-realizo-trabajos-de-saneamiento-y-limpieza-en-distintos-puntos-de-barranqueras\/","title":{"rendered":"Se realiz\u00f3 trabajos de saneamiento y limpieza en distintos puntos de Barranqueras"},"content":{"rendered":"\n<p><strong>El Gobierno provincial realiz\u00f3 trabajos de limpieza y saneamiento distintos puntos de la ciudad de Barranqueras, entre ellos, Villa Forestaci\u00f3n mejorar las condiciones sanitarias y mitigar los efectos provocados por las precipitaciones pasadas<\/strong>&nbsp;.<\/p>\n\n\n\n<p>En ese marco, el ministro de Gobierno, Justicia, Trabajo y Derechos Humanos, Julio Ferro, se\u00f1al\u00f3: \u00abTrabajamos de manera coordinada para atender cada punto afectado,&nbsp;<strong>priorizando los barrios m\u00e1s comprometidos<\/strong>&nbsp;y escuchando a los vecinos\u00bb.<\/p>\n\n\n\n<p><a href=\"https:\/\/www.youtube.com\/@datachacostream\/streams\" target=\"_blank\" rel=\"noreferrer noopener\"><\/a><\/p>\n\n\n\n<p>Adem\u00e1s, asegur\u00f3 que las tareas continuar\u00e1n en los pr\u00f3ximos d\u00edas: \u00abVamos a seguir recorriendo y reforzando estos operativos hasta normalizar la situaci\u00f3n. El objetivo es estar cerca de la gente y acompa\u00f1ar en cada momento\u00bb.<\/p>\n","protected":false},"excerpt":{"rendered":"<p>El Gobierno provincial realiz\u00f3 trabajos de limpieza y saneamiento distintos puntos de la ciudad de Barranqueras, entre ellos, Villa Forestaci\u00f3n mejorar las condiciones sanitarias y mitigar los efectos provocados por las precipitaciones pasadas&nbsp;. En ese marco, el ministro de Gobierno, Justicia, Trabajo y Derechos Humanos, Julio Ferro, se\u00f1al\u00f3: \u00abTrabajamos de manera coordinada para atender cada &hellip;<\/p>\n","protected":false},"author":2,"featured_media":116201,"comment_status":"open","ping_status":"open","sticky":false,"template":"","format":"standard","meta":{"_jetpack_memberships_contains_paid_content":false,"footnotes":"","jetpack_publicize_message":"","jetpack_publicize_feature_enabled":true,"jetpack_social_post_already_shared":true,"jetpack_social_options":{"image_generator_settings":{"template":"highway","default_image_id":0,"font":"","enabled":false},"version":2}},"categories":[5,14],"tags":[],"class_list":["post-116200","post","type-post","status-publish","format-standard","has-post-thumbnail","hentry","category-chaco","category-politica"],"jetpack_publicize_connections":[],"jetpack_featured_media_url":"https:\/\/portalmovil.com.ar\/wp-content\/uploads\/2026\/01\/villaforestacion_saneamiento.jpg","jetpack_sharing_enabled":true,"amp_enabled":true,"_links":{"self":[{"href":"https:\/\/portalmovil.com.ar\/index.php\/wp-json\/wp\/v2\/posts\/116200","targetHints":{"allow":["GET"]}}],"collection":[{"href":"https:\/\/portalmovil.com.ar\/index.php\/wp-json\/wp\/v2\/posts"}],"about":[{"href":"https:\/\/portalmovil.com.ar\/index.php\/wp-json\/wp\/v2\/types\/post"}],"author":[{"embeddable":true,"href":"https:\/\/portalmovil.com.ar\/index.php\/wp-json\/wp\/v2\/users\/2"}],"replies":[{"embeddable":true,"href":"https:\/\/portalmovil.com.ar\/index.php\/wp-json\/wp\/v2\/comments?post=116200"}],"version-history":[{"count":1,"href":"https:\/\/portalmovil.com.ar\/index.php\/wp-json\/wp\/v2\/posts\/116200\/revisions"}],"predecessor-version":[{"id":116202,"href":"https:\/\/portalmovil.com.ar\/index.php\/wp-json\/wp\/v2\/posts\/116200\/revisions\/116202"}],"wp:featuredmedia":[{"embeddable":true,"href":"https:\/\/portalmovil.com.ar\/index.php\/wp-json\/wp\/v2\/media\/116201"}],"wp:attachment":[{"href":"https:\/\/portalmovil.com.ar\/index.php\/wp-json\/wp\/v2\/media?parent=116200"}],"wp:term":[{"taxonomy":"category","embeddable":true,"href":"https:\/\/portalmovil.com.ar\/index.php\/wp-json\/wp\/v2\/categories?post=116200"},{"taxonomy":"post_tag","embeddable":true,"href":"https:\/\/portalmovil.com.ar\/index.php\/wp-json\/wp\/v2\/tags?post=116200"}],"curies":[{"name":"wp","href":"https:\/\/api.w.org\/{rel}","templated":true}]}}