{"id":116192,"date":"2026-01-20T18:44:07","date_gmt":"2026-01-20T21:44:07","guid":{"rendered":"https:\/\/portalmovil.com.ar\/?p=116192"},"modified":"2026-01-20T18:44:08","modified_gmt":"2026-01-20T21:44:08","slug":"fontana-un-obrero-murio-tras-ser-impactado-por-una-viga-de-hierro","status":"publish","type":"post","link":"https:\/\/portalmovil.com.ar\/index.php\/2026\/01\/20\/fontana-un-obrero-murio-tras-ser-impactado-por-una-viga-de-hierro\/","title":{"rendered":"Fontana: un obrero muri\u00f3 tras ser impactado por una viga de hierro"},"content":{"rendered":"\n<p>Un obrero falleci\u00f3 este martes por la tarde tras sufrir un accidente laboral en Fontana, dentro del predio de una reconocida empresa constructora chaque\u00f1a, ubicada sobre avenida Marconi al 3100. <\/p>\n\n\n\n<p>Se trata de Daniel Delfino Alegre, quien se encontraba realizando maniobras con una estructura pesada de hierro junto a otros operarios, utilizando una m\u00e1quina elevadora.Seg\u00fan las primeras averiguaciones, la estructura se desprendi\u00f3 de manera imprevista y golpe\u00f3 al trabajador en la cabeza, dej\u00e1ndolo inconsciente.<\/p>\n\n\n\n<p>El hecho fue reportado cerca de las 16.50 mediante un llamado al servicio de emergencias 911, que alert\u00f3 sobre un trabajador inconsciente y sin aparentes signos vitales en el interior del predio. <\/p>\n\n\n\n<p>Minutos despu\u00e9s lleg\u00f3 una ambulancia, a cargo del enfermero Javier Oyos, quien tras examinar al hombre confirm\u00f3 su fallecimiento en el lugar.<\/p>\n","protected":false},"excerpt":{"rendered":"<p>Un obrero falleci\u00f3 este martes por la tarde tras sufrir un accidente laboral en Fontana, dentro del predio de una reconocida empresa constructora chaque\u00f1a, ubicada sobre avenida Marconi al 3100. Se trata de Daniel Delfino Alegre, quien se encontraba realizando maniobras con una estructura pesada de hierro junto a otros operarios, utilizando una m\u00e1quina elevadora.Seg\u00fan &hellip;<\/p>\n","protected":false},"author":2,"featured_media":116193,"comment_status":"open","ping_status":"open","sticky":false,"template":"","format":"standard","meta":{"_jetpack_memberships_contains_paid_content":false,"footnotes":"","jetpack_publicize_message":"","jetpack_publicize_feature_enabled":true,"jetpack_social_post_already_shared":true,"jetpack_social_options":{"image_generator_settings":{"template":"highway","default_image_id":0,"font":"","enabled":false},"version":2}},"categories":[5,8],"tags":[],"class_list":["post-116192","post","type-post","status-publish","format-standard","has-post-thumbnail","hentry","category-chaco","category-policiales"],"jetpack_publicize_connections":[],"jetpack_featured_media_url":"https:\/\/portalmovil.com.ar\/wp-content\/uploads\/2026\/01\/IMG-20260120-WA0089.jpg","jetpack_sharing_enabled":true,"amp_enabled":true,"_links":{"self":[{"href":"https:\/\/portalmovil.com.ar\/index.php\/wp-json\/wp\/v2\/posts\/116192","targetHints":{"allow":["GET"]}}],"collection":[{"href":"https:\/\/portalmovil.com.ar\/index.php\/wp-json\/wp\/v2\/posts"}],"about":[{"href":"https:\/\/portalmovil.com.ar\/index.php\/wp-json\/wp\/v2\/types\/post"}],"author":[{"embeddable":true,"href":"https:\/\/portalmovil.com.ar\/index.php\/wp-json\/wp\/v2\/users\/2"}],"replies":[{"embeddable":true,"href":"https:\/\/portalmovil.com.ar\/index.php\/wp-json\/wp\/v2\/comments?post=116192"}],"version-history":[{"count":1,"href":"https:\/\/portalmovil.com.ar\/index.php\/wp-json\/wp\/v2\/posts\/116192\/revisions"}],"predecessor-version":[{"id":116194,"href":"https:\/\/portalmovil.com.ar\/index.php\/wp-json\/wp\/v2\/posts\/116192\/revisions\/116194"}],"wp:featuredmedia":[{"embeddable":true,"href":"https:\/\/portalmovil.com.ar\/index.php\/wp-json\/wp\/v2\/media\/116193"}],"wp:attachment":[{"href":"https:\/\/portalmovil.com.ar\/index.php\/wp-json\/wp\/v2\/media?parent=116192"}],"wp:term":[{"taxonomy":"category","embeddable":true,"href":"https:\/\/portalmovil.com.ar\/index.php\/wp-json\/wp\/v2\/categories?post=116192"},{"taxonomy":"post_tag","embeddable":true,"href":"https:\/\/portalmovil.com.ar\/index.php\/wp-json\/wp\/v2\/tags?post=116192"}],"curies":[{"name":"wp","href":"https:\/\/api.w.org\/{rel}","templated":true}]}}