{"id":116158,"date":"2026-01-19T13:36:08","date_gmt":"2026-01-19T16:36:08","guid":{"rendered":"https:\/\/portalmovil.com.ar\/?p=116158"},"modified":"2026-01-19T13:36:11","modified_gmt":"2026-01-19T16:36:11","slug":"el-gobierno-acreditara-este-viernes-23-el-refrigerio-para-empleados-publicos","status":"publish","type":"post","link":"https:\/\/portalmovil.com.ar\/index.php\/2026\/01\/19\/el-gobierno-acreditara-este-viernes-23-el-refrigerio-para-empleados-publicos\/","title":{"rendered":"El Gobierno acreditar\u00e1 este viernes 23 el Refrigerio para empleados p\u00fablicos"},"content":{"rendered":"\n<p>El Gobierno, a trav\u00e9s del Ministerio de Hacienda y Finanzas, inform\u00f3 que este viernes se acreditar\u00e1 el Refrigerio para los trabajadores activos de la administraci\u00f3n p\u00fablica provincial. El pago se realizar\u00e1 por la tarde y ser\u00e1 depositado a trav\u00e9s de la tarjeta Tuya Recargable del Nuevo Banco del Chaco SA.<\/p>\n\n\n\n<p>\u00abEsto representa una muestra de responsabilidad y compromiso con una administraci\u00f3n ordenada, tal como nos solicita el gobernador Leandro Zdero\u00bb, asegur\u00f3 el subsecretario de Hacienda, Sebasti\u00e1n Villalonga, quien anticip\u00f3 que el beneficio estar\u00e1 disponible para todos los empleados p\u00fablicos en la tarde del viernes.<\/p>\n\n\n\n<p>Adem\u00e1s, el funcionario remarc\u00f3 que \u00abcon transparencia podemos cumplir, una vez m\u00e1s, con el pago del Refrigerio para los empleados activos de la administraci\u00f3n p\u00fablica\u00bb.<\/p>\n\n\n\n<p>Los trabajadores podr\u00e1n acceder mediante la tarjeta Tuya Recargable del Nuevo Banco del Chaco (NBCH).<\/p>\n","protected":false},"excerpt":{"rendered":"<p>El Gobierno, a trav\u00e9s del Ministerio de Hacienda y Finanzas, inform\u00f3 que este viernes se acreditar\u00e1 el Refrigerio para los trabajadores activos de la administraci\u00f3n p\u00fablica provincial. El pago se realizar\u00e1 por la tarde y ser\u00e1 depositado a trav\u00e9s de la tarjeta Tuya Recargable del Nuevo Banco del Chaco SA. \u00abEsto representa una muestra de &hellip;<\/p>\n","protected":false},"author":2,"featured_media":61622,"comment_status":"open","ping_status":"open","sticky":false,"template":"","format":"standard","meta":{"_jetpack_memberships_contains_paid_content":false,"footnotes":"","jetpack_publicize_message":"","jetpack_publicize_feature_enabled":true,"jetpack_social_post_already_shared":true,"jetpack_social_options":{"image_generator_settings":{"template":"highway","default_image_id":0,"font":"","enabled":false},"version":2}},"categories":[5,175],"tags":[],"class_list":["post-116158","post","type-post","status-publish","format-standard","has-post-thumbnail","hentry","category-chaco","category-economia"],"jetpack_publicize_connections":[],"jetpack_featured_media_url":"https:\/\/portalmovil.com.ar\/wp-content\/uploads\/2022\/08\/300707096_5263017813751265_6289142085908474058_n.jpg","jetpack_sharing_enabled":true,"amp_enabled":true,"_links":{"self":[{"href":"https:\/\/portalmovil.com.ar\/index.php\/wp-json\/wp\/v2\/posts\/116158","targetHints":{"allow":["GET"]}}],"collection":[{"href":"https:\/\/portalmovil.com.ar\/index.php\/wp-json\/wp\/v2\/posts"}],"about":[{"href":"https:\/\/portalmovil.com.ar\/index.php\/wp-json\/wp\/v2\/types\/post"}],"author":[{"embeddable":true,"href":"https:\/\/portalmovil.com.ar\/index.php\/wp-json\/wp\/v2\/users\/2"}],"replies":[{"embeddable":true,"href":"https:\/\/portalmovil.com.ar\/index.php\/wp-json\/wp\/v2\/comments?post=116158"}],"version-history":[{"count":1,"href":"https:\/\/portalmovil.com.ar\/index.php\/wp-json\/wp\/v2\/posts\/116158\/revisions"}],"predecessor-version":[{"id":116159,"href":"https:\/\/portalmovil.com.ar\/index.php\/wp-json\/wp\/v2\/posts\/116158\/revisions\/116159"}],"wp:featuredmedia":[{"embeddable":true,"href":"https:\/\/portalmovil.com.ar\/index.php\/wp-json\/wp\/v2\/media\/61622"}],"wp:attachment":[{"href":"https:\/\/portalmovil.com.ar\/index.php\/wp-json\/wp\/v2\/media?parent=116158"}],"wp:term":[{"taxonomy":"category","embeddable":true,"href":"https:\/\/portalmovil.com.ar\/index.php\/wp-json\/wp\/v2\/categories?post=116158"},{"taxonomy":"post_tag","embeddable":true,"href":"https:\/\/portalmovil.com.ar\/index.php\/wp-json\/wp\/v2\/tags?post=116158"}],"curies":[{"name":"wp","href":"https:\/\/api.w.org\/{rel}","templated":true}]}}