{"id":116155,"date":"2026-01-19T12:26:42","date_gmt":"2026-01-19T15:26:42","guid":{"rendered":"https:\/\/portalmovil.com.ar\/?p=116155"},"modified":"2026-01-19T12:26:43","modified_gmt":"2026-01-19T15:26:43","slug":"el-gobierno-anuncio-que-el-mundial-2026-se-transmitira-en-tv-publica","status":"publish","type":"post","link":"https:\/\/portalmovil.com.ar\/index.php\/2026\/01\/19\/el-gobierno-anuncio-que-el-mundial-2026-se-transmitira-en-tv-publica\/","title":{"rendered":"El Gobierno anunci\u00f3 que el Mundial 2026 se transmitir\u00e1 en TV P\u00fablica"},"content":{"rendered":"\n<p>El jefe de Gabinete, Manuel Adorni, confirm\u00f3 este lunes que la TV P\u00fablica y Radio Nacional \u201ctransmitir\u00e1n todos los partidos\u201d de la Selecci\u00f3n argentina en el Mundial M\u00e9xico, Estados Unidos, Canad\u00e1 2026.<\/p>\n\n\n\n<p>\u201cLa Televisi\u00f3n P\u00fablica y Radio Nacional transmitir\u00e1n todos los partidos de la Selecci\u00f3n argentina durante la Copa del Mundo 2026\u201d, se\u00f1al\u00f3 en un mensaje que difundi\u00f3 en la red social X.<\/p>\n\n\n\n<p>Asimismo, a\u00f1adi\u00f3: \u201cGracias a un acuerdo comercial, el costo de los derechos de transmisi\u00f3n no ser\u00e1 afrontado con el dinero de los impuestos. Para todos, sin usar la plata de todos\u201d.<\/p>\n\n\n\n<p>El Mundial se disputar\u00e1 del 11 de junio al 19 de julio y la Selecci\u00f3n argentina, que ir\u00e1 a defender el t\u00edtulo de campe\u00f3n, iniciar\u00e1 su camino el martes 16 de junio a las 22 enfrentando a Argelia en el Kansas City Stadium.<\/p>\n\n\n\n<p>En el segundo encuentro, el equipo dirigido por Lionel Scaloni jugar\u00e1 ante Austria el lunes 22 de junio a las 14 en el Dallas Stadium, mismo escenario donde se medir\u00e1 frente a Jordania el s\u00e1bado 27 de junio a las 23.<\/p>\n\n\n\n<p>En tanto, el partido inaugural tendr\u00e1 lugar el jueves 11 de junio a las 16 cuando M\u00e9xico se enfrentar\u00e1 a Sud\u00e1frica en el ic\u00f3nico estadio Azteca.<\/p>\n","protected":false},"excerpt":{"rendered":"<p>El jefe de Gabinete, Manuel Adorni, confirm\u00f3 este lunes que la TV P\u00fablica y Radio Nacional \u201ctransmitir\u00e1n todos los partidos\u201d de la Selecci\u00f3n argentina en el Mundial M\u00e9xico, Estados Unidos, Canad\u00e1 2026. \u201cLa Televisi\u00f3n P\u00fablica y Radio Nacional transmitir\u00e1n todos los partidos de la Selecci\u00f3n argentina durante la Copa del Mundo 2026\u201d, se\u00f1al\u00f3 en un &hellip;<\/p>\n","protected":false},"author":2,"featured_media":116156,"comment_status":"open","ping_status":"open","sticky":false,"template":"","format":"standard","meta":{"_jetpack_memberships_contains_paid_content":false,"footnotes":"","jetpack_publicize_message":"","jetpack_publicize_feature_enabled":true,"jetpack_social_post_already_shared":true,"jetpack_social_options":{"image_generator_settings":{"template":"highway","default_image_id":0,"font":"","enabled":false},"version":2}},"categories":[15],"tags":[],"class_list":["post-116155","post","type-post","status-publish","format-standard","has-post-thumbnail","hentry","category-deportes"],"jetpack_publicize_connections":[],"jetpack_featured_media_url":"https:\/\/portalmovil.com.ar\/wp-content\/uploads\/2026\/01\/La-TV-Publica-transmitira-el-Mundial-2026.png","jetpack_sharing_enabled":true,"amp_enabled":true,"_links":{"self":[{"href":"https:\/\/portalmovil.com.ar\/index.php\/wp-json\/wp\/v2\/posts\/116155","targetHints":{"allow":["GET"]}}],"collection":[{"href":"https:\/\/portalmovil.com.ar\/index.php\/wp-json\/wp\/v2\/posts"}],"about":[{"href":"https:\/\/portalmovil.com.ar\/index.php\/wp-json\/wp\/v2\/types\/post"}],"author":[{"embeddable":true,"href":"https:\/\/portalmovil.com.ar\/index.php\/wp-json\/wp\/v2\/users\/2"}],"replies":[{"embeddable":true,"href":"https:\/\/portalmovil.com.ar\/index.php\/wp-json\/wp\/v2\/comments?post=116155"}],"version-history":[{"count":1,"href":"https:\/\/portalmovil.com.ar\/index.php\/wp-json\/wp\/v2\/posts\/116155\/revisions"}],"predecessor-version":[{"id":116157,"href":"https:\/\/portalmovil.com.ar\/index.php\/wp-json\/wp\/v2\/posts\/116155\/revisions\/116157"}],"wp:featuredmedia":[{"embeddable":true,"href":"https:\/\/portalmovil.com.ar\/index.php\/wp-json\/wp\/v2\/media\/116156"}],"wp:attachment":[{"href":"https:\/\/portalmovil.com.ar\/index.php\/wp-json\/wp\/v2\/media?parent=116155"}],"wp:term":[{"taxonomy":"category","embeddable":true,"href":"https:\/\/portalmovil.com.ar\/index.php\/wp-json\/wp\/v2\/categories?post=116155"},{"taxonomy":"post_tag","embeddable":true,"href":"https:\/\/portalmovil.com.ar\/index.php\/wp-json\/wp\/v2\/tags?post=116155"}],"curies":[{"name":"wp","href":"https:\/\/api.w.org\/{rel}","templated":true}]}}