{"id":116131,"date":"2026-01-18T12:28:29","date_gmt":"2026-01-18T15:28:29","guid":{"rendered":"https:\/\/portalmovil.com.ar\/?p=116131"},"modified":"2026-01-18T12:28:32","modified_gmt":"2026-01-18T15:28:32","slug":"un-joven-fue-asesinado-de-una-punalada-en-una-joda","status":"publish","type":"post","link":"https:\/\/portalmovil.com.ar\/index.php\/2026\/01\/18\/un-joven-fue-asesinado-de-una-punalada-en-una-joda\/","title":{"rendered":"Un joven fue asesinado de una pu\u00f1alada en una joda"},"content":{"rendered":"\n<p>Un joven de 24 a\u00f1os muri\u00f3 tras ser apu\u00f1alado durante una pelea afuera de una fiesta de 15 en Villa \u00c1ngela. La v\u00edctima, Jorge An\u00edbal Acevedo, fue trasladada al hospital, donde se confirm\u00f3 su fallecimiento. <\/p>\n\n\n\n<p>En el lugar se secuestraron un cuchillo y un arma casera. La presunta agresora, una joven de 20 a\u00f1os, ya fue identificada y es intensamente buscada por orden de la Fiscal\u00eda N\u00b0 3.<\/p>\n\n\n\n<figure class=\"wp-block-image size-large\"><img loading=\"lazy\" decoding=\"async\" width=\"576\" height=\"1024\" src=\"https:\/\/portalmovil.com.ar\/wp-content\/uploads\/2026\/01\/13684-576x1024.jpg\" alt=\"\" class=\"wp-image-116132\" srcset=\"https:\/\/portalmovil.com.ar\/wp-content\/uploads\/2026\/01\/13684-576x1024.jpg 576w, https:\/\/portalmovil.com.ar\/wp-content\/uploads\/2026\/01\/13684-169x300.jpg 169w, https:\/\/portalmovil.com.ar\/wp-content\/uploads\/2026\/01\/13684-768x1365.jpg 768w, https:\/\/portalmovil.com.ar\/wp-content\/uploads\/2026\/01\/13684-864x1536.jpg 864w, https:\/\/portalmovil.com.ar\/wp-content\/uploads\/2026\/01\/13684.jpg 900w\" sizes=\"auto, (max-width: 576px) 100vw, 576px\" \/><\/figure>\n","protected":false},"excerpt":{"rendered":"<p>Un joven de 24 a\u00f1os muri\u00f3 tras ser apu\u00f1alado durante una pelea afuera de una fiesta de 15 en Villa \u00c1ngela. La v\u00edctima, Jorge An\u00edbal Acevedo, fue trasladada al hospital, donde se confirm\u00f3 su fallecimiento. En el lugar se secuestraron un cuchillo y un arma casera. La presunta agresora, una joven de 20 a\u00f1os, ya &hellip;<\/p>\n","protected":false},"author":2,"featured_media":116133,"comment_status":"open","ping_status":"open","sticky":false,"template":"","format":"standard","meta":{"_jetpack_memberships_contains_paid_content":false,"footnotes":"","jetpack_publicize_message":"","jetpack_publicize_feature_enabled":true,"jetpack_social_post_already_shared":true,"jetpack_social_options":{"image_generator_settings":{"template":"highway","default_image_id":0,"font":"","enabled":false},"version":2}},"categories":[5,8],"tags":[],"class_list":["post-116131","post","type-post","status-publish","format-standard","has-post-thumbnail","hentry","category-chaco","category-policiales"],"jetpack_publicize_connections":[],"jetpack_featured_media_url":"https:\/\/portalmovil.com.ar\/wp-content\/uploads\/2026\/01\/1768750037828.jpg","jetpack_sharing_enabled":true,"amp_enabled":true,"_links":{"self":[{"href":"https:\/\/portalmovil.com.ar\/index.php\/wp-json\/wp\/v2\/posts\/116131","targetHints":{"allow":["GET"]}}],"collection":[{"href":"https:\/\/portalmovil.com.ar\/index.php\/wp-json\/wp\/v2\/posts"}],"about":[{"href":"https:\/\/portalmovil.com.ar\/index.php\/wp-json\/wp\/v2\/types\/post"}],"author":[{"embeddable":true,"href":"https:\/\/portalmovil.com.ar\/index.php\/wp-json\/wp\/v2\/users\/2"}],"replies":[{"embeddable":true,"href":"https:\/\/portalmovil.com.ar\/index.php\/wp-json\/wp\/v2\/comments?post=116131"}],"version-history":[{"count":1,"href":"https:\/\/portalmovil.com.ar\/index.php\/wp-json\/wp\/v2\/posts\/116131\/revisions"}],"predecessor-version":[{"id":116134,"href":"https:\/\/portalmovil.com.ar\/index.php\/wp-json\/wp\/v2\/posts\/116131\/revisions\/116134"}],"wp:featuredmedia":[{"embeddable":true,"href":"https:\/\/portalmovil.com.ar\/index.php\/wp-json\/wp\/v2\/media\/116133"}],"wp:attachment":[{"href":"https:\/\/portalmovil.com.ar\/index.php\/wp-json\/wp\/v2\/media?parent=116131"}],"wp:term":[{"taxonomy":"category","embeddable":true,"href":"https:\/\/portalmovil.com.ar\/index.php\/wp-json\/wp\/v2\/categories?post=116131"},{"taxonomy":"post_tag","embeddable":true,"href":"https:\/\/portalmovil.com.ar\/index.php\/wp-json\/wp\/v2\/tags?post=116131"}],"curies":[{"name":"wp","href":"https:\/\/api.w.org\/{rel}","templated":true}]}}