{"id":1161,"date":"2020-01-31T00:14:36","date_gmt":"2020-01-31T03:14:36","guid":{"rendered":"http:\/\/portalmovil.com.ar\/?p=1161"},"modified":"2020-01-31T00:14:44","modified_gmt":"2020-01-31T03:14:44","slug":"tarjeta-alimentar-cerca-de-44-mil-chaquenas-y-chaquenos-ya-acceden-al-programa-argentina-contra-el-hambre","status":"publish","type":"post","link":"https:\/\/portalmovil.com.ar\/index.php\/2020\/01\/31\/tarjeta-alimentar-cerca-de-44-mil-chaquenas-y-chaquenos-ya-acceden-al-programa-argentina-contra-el-hambre\/","title":{"rendered":"Tarjeta Alimentar: cerca de 44 mil chaque\u00f1as y chaque\u00f1os ya acceden al programa Argentina Contra el Hambre"},"content":{"rendered":"\n<p>El gobernador Jorge Capitanich y la vicegobernadora Anal\u00eda Rach Quiroga encabezaron, este jueves por la tarde, la entrega de tarjetas Alimentar en Basail y Presidencia Roque S\u00e1enz Pe\u00f1a. Hasta la fecha 43.884 chaque\u00f1as y chaque\u00f1os de 43 localidades chaque\u00f1as ya acceden a los beneficios del programa nacional Argentina contra el Hambre.<\/p>\n\n\n\n<p>Este fin de semana se prev\u00e9 finalizar la entrega de las 66.499 tarjetas en toda la provincia. \u201cEs una herramienta extraordinaria, porque resuelve el problema del hambre, impacta en la promoci\u00f3n de h\u00e1bitos saludables y fortalece el v\u00ednculo entre provisi\u00f3n y la demanda alimenticia\u201d, reiter\u00f3.<\/p>\n\n\n\n<p>Capitanich destac\u00f3 el impacto de esta herramienta que ya repercute en la econom\u00eda de los comercios de toda la provincia y reiter\u00f3 la necesidad de que el dinero se gaste y quede en cada localidad. \u201cPara ello continuaremos trabajando en el fortalecimiento de la red de comercios locales, en la promoci\u00f3n de las econom\u00edas populares y la feria franca, para poder dar una oferta variada, de productos de buena calidad y a precios m\u00e1s accesibles en cada localidad\u201d, sostuvo.<\/p>\n\n\n\n<p>El mandatario asegur\u00f3 que la provincia tiene capacidad para producir cada uno de los alimentos recomendados para mantener una dieta balanceada y saludable. \u201cTrabajamos para garantizar que los alimentos consumidos sean producidos localmente, porque de esa manera generamos empleo, garantizamos provisi\u00f3n de alimentos de buena calidad a precios accesibles y reactivamos la econom\u00eda local\u201d, precis\u00f3.<\/p>\n\n\n\n<p>De la jornada en la que se entregaron 226 tarjetas en Basail y 5.974 en Presidencia Roque S\u00e1enz Pe\u00f1a participaron tambi\u00e9n la ministra de Desarrollo Social Mar\u00eda P\u00eda Chiacchio Cavana y los intendentes Ignacio Rostan (Basail) y Bruno Cipolini (S\u00e1enz Pe\u00f1a).<\/p>\n\n\n\n<p>La ministra Chiacchio Cavana destac\u00f3 que enero culmina con la implementaci\u00f3n de esta pol\u00edtica alimentaria y econ\u00f3mica que ya supera los 328 millones de pesos volcados al consumo interno. \u201cAdem\u00e1s de orientar a la ciudadan\u00eda en la compra de productos saludables, la iniciativa busca convertirse en un plan de empleabilidad para comerciantes y sectores productivos\u201d, remarc\u00f3.<\/p>\n\n\n\n<p> <strong>Cipolini:\u00a0Es una importante inyecci\u00f3n econ\u00f3mica a la ciudad <\/strong><\/p>\n\n\n\n<p>El intendente Bruno Cipolini remarc\u00f3 la importancia de la tarjeta para muchas familias saenzpe\u00f1enses. \u201cResulta de gran importancia para la inyecci\u00f3n econ\u00f3mica de la ciudad y la provincia. Estamos pensando adem\u00e1s en un programa propio para dar acompa\u00f1amiento a las familias para promover h\u00e1bitos alimenticios saludables\u201d, indic\u00f3.<\/p>\n\n\n\n<p>Adem\u00e1s asegur\u00f3 que el municipio cuenta con un \u00e1rea de defensa al consumidor donde se pueden denunciar irregularidades, y dada la magnitud de la herramienta, desde la Secretar\u00eda de Desarrollo Social se sumar\u00e1n dos brigadas para monitorear y recibir reclamos.<\/p>\n","protected":false},"excerpt":{"rendered":"<p>El gobernador Jorge Capitanich y la vicegobernadora Anal\u00eda Rach Quiroga encabezaron, este jueves por la tarde, la entrega de tarjetas Alimentar en Basail y Presidencia Roque S\u00e1enz Pe\u00f1a. Hasta la fecha 43.884 chaque\u00f1as y chaque\u00f1os de 43 localidades chaque\u00f1as ya acceden a los beneficios del programa nacional Argentina contra el Hambre. Este fin de semana &hellip;<\/p>\n","protected":false},"author":2,"featured_media":1162,"comment_status":"open","ping_status":"open","sticky":false,"template":"","format":"standard","meta":{"_jetpack_memberships_contains_paid_content":false,"footnotes":"","jetpack_publicize_message":"","jetpack_publicize_feature_enabled":true,"jetpack_social_post_already_shared":true,"jetpack_social_options":{"image_generator_settings":{"template":"highway","default_image_id":0,"font":"","enabled":false},"version":2}},"categories":[5,12],"tags":[],"class_list":["post-1161","post","type-post","status-publish","format-standard","has-post-thumbnail","hentry","category-chaco","category-ultimo"],"jetpack_publicize_connections":[],"jetpack_featured_media_url":"https:\/\/portalmovil.com.ar\/wp-content\/uploads\/2020\/01\/be8589f309f86d250add7e708fc2c680.jpg","jetpack_sharing_enabled":true,"amp_enabled":true,"_links":{"self":[{"href":"https:\/\/portalmovil.com.ar\/index.php\/wp-json\/wp\/v2\/posts\/1161","targetHints":{"allow":["GET"]}}],"collection":[{"href":"https:\/\/portalmovil.com.ar\/index.php\/wp-json\/wp\/v2\/posts"}],"about":[{"href":"https:\/\/portalmovil.com.ar\/index.php\/wp-json\/wp\/v2\/types\/post"}],"author":[{"embeddable":true,"href":"https:\/\/portalmovil.com.ar\/index.php\/wp-json\/wp\/v2\/users\/2"}],"replies":[{"embeddable":true,"href":"https:\/\/portalmovil.com.ar\/index.php\/wp-json\/wp\/v2\/comments?post=1161"}],"version-history":[{"count":1,"href":"https:\/\/portalmovil.com.ar\/index.php\/wp-json\/wp\/v2\/posts\/1161\/revisions"}],"predecessor-version":[{"id":1163,"href":"https:\/\/portalmovil.com.ar\/index.php\/wp-json\/wp\/v2\/posts\/1161\/revisions\/1163"}],"wp:featuredmedia":[{"embeddable":true,"href":"https:\/\/portalmovil.com.ar\/index.php\/wp-json\/wp\/v2\/media\/1162"}],"wp:attachment":[{"href":"https:\/\/portalmovil.com.ar\/index.php\/wp-json\/wp\/v2\/media?parent=1161"}],"wp:term":[{"taxonomy":"category","embeddable":true,"href":"https:\/\/portalmovil.com.ar\/index.php\/wp-json\/wp\/v2\/categories?post=1161"},{"taxonomy":"post_tag","embeddable":true,"href":"https:\/\/portalmovil.com.ar\/index.php\/wp-json\/wp\/v2\/tags?post=1161"}],"curies":[{"name":"wp","href":"https:\/\/api.w.org\/{rel}","templated":true}]}}