{"id":116084,"date":"2026-01-14T09:20:44","date_gmt":"2026-01-14T12:20:44","guid":{"rendered":"https:\/\/portalmovil.com.ar\/?p=116084"},"modified":"2026-01-14T09:20:45","modified_gmt":"2026-01-14T12:20:45","slug":"tragedia-en-una-vivienda-de-las-brenas-una-nina-murio-ahogada-en-una-pileta","status":"publish","type":"post","link":"https:\/\/portalmovil.com.ar\/index.php\/2026\/01\/14\/tragedia-en-una-vivienda-de-las-brenas-una-nina-murio-ahogada-en-una-pileta\/","title":{"rendered":"Tragedia en una vivienda de Las Bre\u00f1as: una ni\u00f1a muri\u00f3 ahogada en una pileta"},"content":{"rendered":"\n<p>Un ni\u00f1o de 1 a\u00f1o muri\u00f3 este martes por la tarde en Las Bre\u00f1as tras ahogarse en la pileta de su vivienda. El hecho se conoci\u00f3 cerca de las 14:55, cuando su madre lo traslad\u00f3 de urgencia al Hospital \u201c9 de Julio\u201d, donde ingres\u00f3 sin signos vitales. <\/p>\n\n\n\n<p>Seg\u00fan el relato, el menor jugaba en la pileta junto a su hermano de 6 a\u00f1os, quien alert\u00f3 a los adultos al notar lo ocurrido. El m\u00e9dico confirm\u00f3 que la causa de muerte fue ahogamiento. La Fiscal\u00eda intervino y dispuso pericias en el lugar, mientras la causa contin\u00faa en investigaci\u00f3n.<\/p>\n","protected":false},"excerpt":{"rendered":"<p>Un ni\u00f1o de 1 a\u00f1o muri\u00f3 este martes por la tarde en Las Bre\u00f1as tras ahogarse en la pileta de su vivienda. El hecho se conoci\u00f3 cerca de las 14:55, cuando su madre lo traslad\u00f3 de urgencia al Hospital \u201c9 de Julio\u201d, donde ingres\u00f3 sin signos vitales. Seg\u00fan el relato, el menor jugaba en la &hellip;<\/p>\n","protected":false},"author":2,"featured_media":116085,"comment_status":"open","ping_status":"open","sticky":false,"template":"","format":"standard","meta":{"_jetpack_memberships_contains_paid_content":false,"footnotes":"","jetpack_publicize_message":"","jetpack_publicize_feature_enabled":true,"jetpack_social_post_already_shared":true,"jetpack_social_options":{"image_generator_settings":{"template":"highway","default_image_id":0,"font":"","enabled":false},"version":2}},"categories":[5,8],"tags":[],"class_list":["post-116084","post","type-post","status-publish","format-standard","has-post-thumbnail","hentry","category-chaco","category-policiales"],"jetpack_publicize_connections":[],"jetpack_featured_media_url":"https:\/\/portalmovil.com.ar\/wp-content\/uploads\/2026\/01\/FB_IMG_1768393147508.jpg","jetpack_sharing_enabled":true,"amp_enabled":true,"_links":{"self":[{"href":"https:\/\/portalmovil.com.ar\/index.php\/wp-json\/wp\/v2\/posts\/116084","targetHints":{"allow":["GET"]}}],"collection":[{"href":"https:\/\/portalmovil.com.ar\/index.php\/wp-json\/wp\/v2\/posts"}],"about":[{"href":"https:\/\/portalmovil.com.ar\/index.php\/wp-json\/wp\/v2\/types\/post"}],"author":[{"embeddable":true,"href":"https:\/\/portalmovil.com.ar\/index.php\/wp-json\/wp\/v2\/users\/2"}],"replies":[{"embeddable":true,"href":"https:\/\/portalmovil.com.ar\/index.php\/wp-json\/wp\/v2\/comments?post=116084"}],"version-history":[{"count":1,"href":"https:\/\/portalmovil.com.ar\/index.php\/wp-json\/wp\/v2\/posts\/116084\/revisions"}],"predecessor-version":[{"id":116086,"href":"https:\/\/portalmovil.com.ar\/index.php\/wp-json\/wp\/v2\/posts\/116084\/revisions\/116086"}],"wp:featuredmedia":[{"embeddable":true,"href":"https:\/\/portalmovil.com.ar\/index.php\/wp-json\/wp\/v2\/media\/116085"}],"wp:attachment":[{"href":"https:\/\/portalmovil.com.ar\/index.php\/wp-json\/wp\/v2\/media?parent=116084"}],"wp:term":[{"taxonomy":"category","embeddable":true,"href":"https:\/\/portalmovil.com.ar\/index.php\/wp-json\/wp\/v2\/categories?post=116084"},{"taxonomy":"post_tag","embeddable":true,"href":"https:\/\/portalmovil.com.ar\/index.php\/wp-json\/wp\/v2\/tags?post=116084"}],"curies":[{"name":"wp","href":"https:\/\/api.w.org\/{rel}","templated":true}]}}