{"id":116067,"date":"2026-01-13T18:16:04","date_gmt":"2026-01-13T21:16:04","guid":{"rendered":"https:\/\/portalmovil.com.ar\/?p=116067"},"modified":"2026-01-13T18:16:06","modified_gmt":"2026-01-13T21:16:06","slug":"la-inflacion-volvio-a-subir-en-diciembre-y-cerro-2025-con-un-acumulado-del-315","status":"publish","type":"post","link":"https:\/\/portalmovil.com.ar\/index.php\/2026\/01\/13\/la-inflacion-volvio-a-subir-en-diciembre-y-cerro-2025-con-un-acumulado-del-315\/","title":{"rendered":"La inflaci\u00f3n volvi\u00f3 a subir en diciembre y cerr\u00f3 2025 con un acumulado del 31,5%"},"content":{"rendered":"\n<p>La inflaci\u00f3n anual de 2025 lleg\u00f3 a 31,5%, luego de cerrar diciembre en 2,8%, seg\u00fan inform\u00f3 este martes el Instituto Nacional de Estad\u00edstica y Censos (Indec). Se trata del nivel m\u00e1s bajo desde 2017 y los analistas prev\u00e9n que la suba de precios contin\u00fae su proceso de desaceleraci\u00f3n en 2026, aunque a un ritmo m\u00e1s lento.<\/p>\n\n\n\n<p>El \u00cdndice de Precios al Consumidor (IPC), con factores estacionales presionando, marc\u00f3 una leve aceleraci\u00f3n en el \u00faltimo mes del a\u00f1o pasado respecto al 2,5% que hab\u00eda arrojado en noviembre.<\/p>\n\n\n\n<p>En concreto, a\u00fan no se logra perforar el 2%, en un contexto en que sigue la recomposici\u00f3n de precios relativos en rubros como Energ\u00eda, Transporte, Servicios y Regulados.<\/p>\n\n\n\n<p>\u201cLa divisi\u00f3n de mayor aumento en el mes fue Transporte (4,0%), seguida de Vivienda, agua, electricidad, gas y otros combustibles (3,4%).<\/p>\n\n\n\n<p>La divisi\u00f3n con mayor incidencia en la variaci\u00f3n mensual regional fue Alimentos y bebidas no alcoh\u00f3licas\u201d, reza el informe oficial del Indec.<\/p>\n\n\n\n<p>Por el contrario, las dos categor\u00edas que registraron las menores variaciones en diciembre de 2025 fueron Prendas de vestir y calzado (1,1%) y Educaci\u00f3n (0,4%). A nivel de las categor\u00edas, los precios Regulados (3,3%) lideraron el incremento, seguidos de IPC n\u00facleo (3,0%) y Estacionales (0,6%).<\/p>\n\n\n\n<p>Al posar la lupa sobre el comportamiento anual, la inflaci\u00f3n experiment\u00f3 una reducci\u00f3n de 86,3 puntos porcentuales respecto a los 117,8% que se hab\u00eda registrado en 2024. El Presupuesto 2026 contempla un IPC de 10,1% para el a\u00f1o corriente, aunque las mediciones privadas estiman el doble.<\/p>\n\n\n\n<p>Un informe de GMA Capital resumi\u00f3: \u201cDurante 2024 y 2025, el desplome de la nominalidad fue el objetivo central del programa econ\u00f3mico.<\/p>\n\n\n\n<p>La desaceleraci\u00f3n inflacionaria respondi\u00f3 a un proceso m\u00e1s amplio de ordenamiento macroecon\u00f3mico: la reversi\u00f3n de una din\u00e1mica fiscal hist\u00f3ricamente deficitaria, el fin de la asistencia monetaria del BCRA al Tesoro (tras un per\u00edodo en el que, entre 2020 y 2023, la emisi\u00f3n super\u00f3 el 25% del PBI) y un esquema cambiario que oper\u00f3 como ancla nominal, con una apreciaci\u00f3n real de 41% desde diciembre de 2023.<\/p>\n","protected":false},"excerpt":{"rendered":"<p>La inflaci\u00f3n anual de 2025 lleg\u00f3 a 31,5%, luego de cerrar diciembre en 2,8%, seg\u00fan inform\u00f3 este martes el Instituto Nacional de Estad\u00edstica y Censos (Indec). Se trata del nivel m\u00e1s bajo desde 2017 y los analistas prev\u00e9n que la suba de precios contin\u00fae su proceso de desaceleraci\u00f3n en 2026, aunque a un ritmo m\u00e1s &hellip;<\/p>\n","protected":false},"author":2,"featured_media":116068,"comment_status":"open","ping_status":"open","sticky":false,"template":"","format":"standard","meta":{"_jetpack_memberships_contains_paid_content":false,"footnotes":"","jetpack_publicize_message":"","jetpack_publicize_feature_enabled":true,"jetpack_social_post_already_shared":true,"jetpack_social_options":{"image_generator_settings":{"template":"highway","default_image_id":0,"font":"","enabled":false},"version":2}},"categories":[639,175],"tags":[],"class_list":["post-116067","post","type-post","status-publish","format-standard","has-post-thumbnail","hentry","category-argentina","category-economia"],"jetpack_publicize_connections":[],"jetpack_featured_media_url":"https:\/\/portalmovil.com.ar\/wp-content\/uploads\/2026\/01\/frutas-y-verduras-CIEIW2PBNVG4VDBUYG2T7THVGY.jpg","jetpack_sharing_enabled":true,"amp_enabled":true,"_links":{"self":[{"href":"https:\/\/portalmovil.com.ar\/index.php\/wp-json\/wp\/v2\/posts\/116067","targetHints":{"allow":["GET"]}}],"collection":[{"href":"https:\/\/portalmovil.com.ar\/index.php\/wp-json\/wp\/v2\/posts"}],"about":[{"href":"https:\/\/portalmovil.com.ar\/index.php\/wp-json\/wp\/v2\/types\/post"}],"author":[{"embeddable":true,"href":"https:\/\/portalmovil.com.ar\/index.php\/wp-json\/wp\/v2\/users\/2"}],"replies":[{"embeddable":true,"href":"https:\/\/portalmovil.com.ar\/index.php\/wp-json\/wp\/v2\/comments?post=116067"}],"version-history":[{"count":1,"href":"https:\/\/portalmovil.com.ar\/index.php\/wp-json\/wp\/v2\/posts\/116067\/revisions"}],"predecessor-version":[{"id":116069,"href":"https:\/\/portalmovil.com.ar\/index.php\/wp-json\/wp\/v2\/posts\/116067\/revisions\/116069"}],"wp:featuredmedia":[{"embeddable":true,"href":"https:\/\/portalmovil.com.ar\/index.php\/wp-json\/wp\/v2\/media\/116068"}],"wp:attachment":[{"href":"https:\/\/portalmovil.com.ar\/index.php\/wp-json\/wp\/v2\/media?parent=116067"}],"wp:term":[{"taxonomy":"category","embeddable":true,"href":"https:\/\/portalmovil.com.ar\/index.php\/wp-json\/wp\/v2\/categories?post=116067"},{"taxonomy":"post_tag","embeddable":true,"href":"https:\/\/portalmovil.com.ar\/index.php\/wp-json\/wp\/v2\/tags?post=116067"}],"curies":[{"name":"wp","href":"https:\/\/api.w.org\/{rel}","templated":true}]}}