{"id":116041,"date":"2026-01-12T19:45:35","date_gmt":"2026-01-12T22:45:35","guid":{"rendered":"https:\/\/portalmovil.com.ar\/?p=116041"},"modified":"2026-01-12T19:45:37","modified_gmt":"2026-01-12T22:45:37","slug":"le-suspendieron-la-cuenta-de-x-en-ingles-a-javier-milei","status":"publish","type":"post","link":"https:\/\/portalmovil.com.ar\/index.php\/2026\/01\/12\/le-suspendieron-la-cuenta-de-x-en-ingles-a-javier-milei\/","title":{"rendered":"Le suspendieron la cuenta de X en ingl\u00e9s a Javier Milei"},"content":{"rendered":"\n<p>El presidente Javier Milei tuvo este lunes una breve experiencia en la red social X con su nueva cuenta oficial en ingl\u00e9s.<\/p>\n\n\n\n<p>El perfil, identificado como\u00a0@jmilei_english, que \u00e9l mismo publicit\u00f3 desde su cuenta en espa\u00f1ol, fue suspendido por la plataforma apenas cinco horas despu\u00e9s de haber sido presentado p\u00fablicamente.<\/p>\n\n\n\n<p>El lanzamiento hab\u00eda tenido lugar al mediod\u00eda, como parte de una estrategia de comunicaci\u00f3n orientada a audiencias angloparlantes.<\/p>\n\n\n\n<p>A trav\u00e9s de distintas redes sociales, el mandatario anunci\u00f3 la apertura de sus cuentas en ingl\u00e9s con el objetivo de difundir sus ideas, su agenda pol\u00edtica y novedades de su gesti\u00f3n en un formato pensado para el p\u00fablico internacional.<\/p>\n\n\n\n<h2 class=\"wp-block-heading\">Suspenden la cuenta de X en ingl\u00e9s de Milei<\/h2>\n\n\n\n<p>En el caso de X, la cuenta fue acompa\u00f1ada por un video de presentaci\u00f3n generado con inteligencia artificial, en el que aparec\u00eda una versi\u00f3n ficcional del Presidente bajo el nombre de \u201cGeneral Ancap\u201d, con est\u00e9tica de superh\u00e9roe.<\/p>\n\n\n\n<p><\/p>\n","protected":false},"excerpt":{"rendered":"<p>El presidente Javier Milei tuvo este lunes una breve experiencia en la red social X con su nueva cuenta oficial en ingl\u00e9s. El perfil, identificado como\u00a0@jmilei_english, que \u00e9l mismo publicit\u00f3 desde su cuenta en espa\u00f1ol, fue suspendido por la plataforma apenas cinco horas despu\u00e9s de haber sido presentado p\u00fablicamente. El lanzamiento hab\u00eda tenido lugar al &hellip;<\/p>\n","protected":false},"author":2,"featured_media":116042,"comment_status":"open","ping_status":"open","sticky":false,"template":"","format":"standard","meta":{"_jetpack_memberships_contains_paid_content":false,"footnotes":"","jetpack_publicize_message":"","jetpack_publicize_feature_enabled":true,"jetpack_social_post_already_shared":true,"jetpack_social_options":{"image_generator_settings":{"template":"highway","default_image_id":0,"font":"","enabled":false},"version":2}},"categories":[639,14],"tags":[],"class_list":["post-116041","post","type-post","status-publish","format-standard","has-post-thumbnail","hentry","category-argentina","category-politica"],"jetpack_publicize_connections":[],"jetpack_featured_media_url":"https:\/\/portalmovil.com.ar\/wp-content\/uploads\/2026\/01\/topshot-argentinas-president-javier-milei-prays-at-the-western-wall-the-last-remaining-vestige.jpg","jetpack_sharing_enabled":true,"amp_enabled":true,"_links":{"self":[{"href":"https:\/\/portalmovil.com.ar\/index.php\/wp-json\/wp\/v2\/posts\/116041","targetHints":{"allow":["GET"]}}],"collection":[{"href":"https:\/\/portalmovil.com.ar\/index.php\/wp-json\/wp\/v2\/posts"}],"about":[{"href":"https:\/\/portalmovil.com.ar\/index.php\/wp-json\/wp\/v2\/types\/post"}],"author":[{"embeddable":true,"href":"https:\/\/portalmovil.com.ar\/index.php\/wp-json\/wp\/v2\/users\/2"}],"replies":[{"embeddable":true,"href":"https:\/\/portalmovil.com.ar\/index.php\/wp-json\/wp\/v2\/comments?post=116041"}],"version-history":[{"count":1,"href":"https:\/\/portalmovil.com.ar\/index.php\/wp-json\/wp\/v2\/posts\/116041\/revisions"}],"predecessor-version":[{"id":116043,"href":"https:\/\/portalmovil.com.ar\/index.php\/wp-json\/wp\/v2\/posts\/116041\/revisions\/116043"}],"wp:featuredmedia":[{"embeddable":true,"href":"https:\/\/portalmovil.com.ar\/index.php\/wp-json\/wp\/v2\/media\/116042"}],"wp:attachment":[{"href":"https:\/\/portalmovil.com.ar\/index.php\/wp-json\/wp\/v2\/media?parent=116041"}],"wp:term":[{"taxonomy":"category","embeddable":true,"href":"https:\/\/portalmovil.com.ar\/index.php\/wp-json\/wp\/v2\/categories?post=116041"},{"taxonomy":"post_tag","embeddable":true,"href":"https:\/\/portalmovil.com.ar\/index.php\/wp-json\/wp\/v2\/tags?post=116041"}],"curies":[{"name":"wp","href":"https:\/\/api.w.org\/{rel}","templated":true}]}}