{"id":116028,"date":"2026-01-12T14:18:39","date_gmt":"2026-01-12T17:18:39","guid":{"rendered":"https:\/\/portalmovil.com.ar\/?p=116028"},"modified":"2026-01-12T14:18:41","modified_gmt":"2026-01-12T17:18:41","slug":"zdero-cumplio-el-sueno-de-la-casa-propia-a-vecinos-de-resistencia","status":"publish","type":"post","link":"https:\/\/portalmovil.com.ar\/index.php\/2026\/01\/12\/zdero-cumplio-el-sueno-de-la-casa-propia-a-vecinos-de-resistencia\/","title":{"rendered":"Zdero cumpli\u00f3 el sue\u00f1o de la casa propia a vecinos de Resistencia"},"content":{"rendered":"\n<figure class=\"wp-block-image\"><img decoding=\"async\" src=\"https:\/\/cdn4.chacodiapordia.com\/wp-content\/uploads\/2024\/05\/LogoChDxD-3.png\" alt=\"CHACODIAPORDIA.COM\"\/><\/figure>\n\n\n\n<p><a href=\"https:\/\/chacodiapordia.com\/\"><\/a><\/p>\n\n\n\n<p><a href=\"https:\/\/chacodiapordia.com\/mas-familias-cumplieron-el-sueno-de-la-casa-propia-en-resistencia\/#\"><\/a><\/p>\n\n\n\n<p><a href=\"https:\/\/chacodiapordia.com\/\">Inicio<\/a>&nbsp;\u00bb&nbsp;M\u00e1s familias cumplieron el sue\u00f1o de la casa propia en Resistencia<\/p>\n\n\n\n<p>12 enero 2026<a href=\"https:\/\/chacodiapordia.com\/category\/destacados\/\">DESTACADOS<\/a><\/p>\n\n\n\n<h1 class=\"wp-block-heading\">M\u00e1s familias cumplieron el sue\u00f1o de la casa propia en Resistencia<\/h1>\n\n\n\n<p><a href=\"https:\/\/www.facebook.com\/sharer.php?u=https%3A%2F%2Fchacodiapordia.com%2Fmas-familias-cumplieron-el-sueno-de-la-casa-propia-en-resistencia%2F\" target=\"_blank\" rel=\"noreferrer noopener\"><\/a><a href=\"https:\/\/twitter.com\/intent\/tweet?url=https%3A%2F%2Fchacodiapordia.com%2Fmas-familias-cumplieron-el-sueno-de-la-casa-propia-en-resistencia%2F&amp;text=M%C3%A1s%20familias%20cumplieron%20el%20sue%C3%B1o%20de%20la%20casa%20propia%20en%20Resistencia\" target=\"_blank\" rel=\"noreferrer noopener\"><\/a><a href=\"https:\/\/t.me\/share\/url?url=https%3A%2F%2Fchacodiapordia.com%2Fmas-familias-cumplieron-el-sueno-de-la-casa-propia-en-resistencia%2F&amp;title=M%C3%A1s%20familias%20cumplieron%20el%20sue%C3%B1o%20de%20la%20casa%20propia%20en%20Resistencia\" target=\"_blank\" rel=\"noreferrer noopener\"><\/a><a href=\"mailto:?subject=M%C3%A1s%20familias%20cumplieron%20el%20sue%C3%B1o%20de%20la%20casa%20propia%20en%20Resistencia&amp;body=https%3A%2F%2Fchacodiapordia.com%2Fmas-familias-cumplieron-el-sueno-de-la-casa-propia-en-resistencia%2F\" target=\"_blank\" rel=\"noreferrer noopener\"><\/a><a href=\"https:\/\/wa.me\/?text=M%C3%A1s%20familias%20cumplieron%20el%20sue%C3%B1o%20de%20la%20casa%20propia%20en%20Resistencia%20https%3A%2F%2Fchacodiapordia.com%2Fmas-familias-cumplieron-el-sueno-de-la-casa-propia-en-resistencia%2F\" target=\"_blank\" rel=\"noreferrer noopener\"><\/a><\/p>\n\n\n\n<figure class=\"wp-block-image\"><a class=\"image-link media-ratio ar-bunyad-main\" href=\"https:\/\/cdn4.chacodiapordia.com\/storage\/2026\/01\/LeandroZdero-EntregViv-RciaEne2026.jpg\"><img decoding=\"async\" src=\"https:\/\/cdn4.chacodiapordia.com\/storage\/2026\/01\/LeandroZdero-EntregViv-RciaEne2026.jpg\" alt=\"M\u00e1s familias cumplieron el sue\u00f1o de la casa propia en Resistencia\" title=\"M\u00e1s familias cumplieron el sue\u00f1o de la casa propia en Resistencia\"\/><\/a><\/figure>\n\n\n\n<p>Publicidad<\/p>\n\n\n\n<figure class=\"wp-block-embed\"><div class=\"wp-block-embed__wrapper\">\nhttps:\/\/dsa.chacodiapordia.com\/delivery\/afr.php?zoneid=43&#038;cb=INSERT_RANDOM_NUMBER_HERE\n<\/div><\/figure>\n\n\n\n<p>Este lunes, el gobernador Leandro Zdero encabez\u00f3 la entrega de nuevas viviendas en la ciudad de Resistencia, en el marco de las pol\u00edticas habitacionales que impulsa el Gobierno provincial para garantizar el acceso a una vivienda digna a m\u00e1s familias chaque\u00f1as.<\/p>\n\n\n\n<p>El jefe del Ejecutivo chaque\u00f1o destac\u00f3 la importancia de cumplir con las familias y afirm\u00f3: \u201cHoy no estamos entregando solamente casas, estamos entregando hogares, con servicios, con seguridad y tranquilidad a familias que durante mucho tiempo esperaron este momento\u201d.<\/p>\n\n\n\n<p>Las unidades habitacionales cuentan con dos dormitorios, estar- comedor- cocina, ba\u00f1o y lavadero, y fueron ejecutadas en distintos sectores de la capital provincial. Parte de estas viviendas se construyeron en la Chacra N\u00ba137, mientras que las restantes corresponden a relocalizaciones realizadas en la Chacra N\u00ba190, Manzana 4, Parcelas 5 a 8 y Parcela 13, estas \u00faltimas bajo un prototipo adaptado.<\/p>\n\n\n\n<p>El gobernador Zdero remarc\u00f3 adem\u00e1s el compromiso del Gobierno con una gesti\u00f3n transparente y eficiente: \u201cCada vivienda que entregamos es el resultado de administrar bien los recursos de todos los chaque\u00f1os y de priorizar a quienes m\u00e1s lo necesitan\u201d, sostuvo.<\/p>\n\n\n\n<p>En ese contexto, el Gobernador subray\u00f3 la decisi\u00f3n de avanzar con obras de calidad: \u201cTrabajamos y entregamos viviendas bien hechas, con materiales de calidad, pensadas para durar y para mejorar la calidad de vida de las familias\u201d, expres\u00f3.<\/p>\n\n\n\n<p>Las viviendas fueron construidas con ladrillos comunes macizos, utilizando muros exteriores y medianeros de 0,20 metros e interiores de 0,15 metros. Los muros perimetrales cuentan con aislaci\u00f3n t\u00e9rmica, revocados con azotado hidr\u00f3fugo y un tabique de roca de yeso, compuesto por estructura met\u00e1lica, aislaci\u00f3n t\u00e9rmica de lana de vidrio de 70 mm con film de aluminio y emplacado con paneles tipo Durlock, lo que permite una reducci\u00f3n del consumo energ\u00e9tico y mayor confort t\u00e9rmico.<\/p>\n","protected":false},"excerpt":{"rendered":"<p>Inicio&nbsp;\u00bb&nbsp;M\u00e1s familias cumplieron el sue\u00f1o de la casa propia en Resistencia 12 enero 2026DESTACADOS M\u00e1s familias cumplieron el sue\u00f1o de la casa propia en Resistencia Publicidad https:\/\/dsa.chacodiapordia.com\/delivery\/afr.php?zoneid=43&#038;cb=INSERT_RANDOM_NUMBER_HERE Este lunes, el gobernador Leandro Zdero encabez\u00f3 la entrega de nuevas viviendas en la ciudad de Resistencia, en el marco de las pol\u00edticas habitacionales que impulsa el Gobierno &hellip;<\/p>\n","protected":false},"author":2,"featured_media":116029,"comment_status":"open","ping_status":"open","sticky":false,"template":"","format":"standard","meta":{"_jetpack_memberships_contains_paid_content":false,"footnotes":"","jetpack_publicize_message":"","jetpack_publicize_feature_enabled":true,"jetpack_social_post_already_shared":true,"jetpack_social_options":{"image_generator_settings":{"template":"highway","default_image_id":0,"font":"","enabled":false},"version":2}},"categories":[5,14],"tags":[],"class_list":["post-116028","post","type-post","status-publish","format-standard","has-post-thumbnail","hentry","category-chaco","category-politica"],"jetpack_publicize_connections":[],"jetpack_featured_media_url":"https:\/\/portalmovil.com.ar\/wp-content\/uploads\/2026\/01\/LeandroZdero-EntregViv-RciaEne2026.jpg","jetpack_sharing_enabled":true,"amp_enabled":true,"_links":{"self":[{"href":"https:\/\/portalmovil.com.ar\/index.php\/wp-json\/wp\/v2\/posts\/116028","targetHints":{"allow":["GET"]}}],"collection":[{"href":"https:\/\/portalmovil.com.ar\/index.php\/wp-json\/wp\/v2\/posts"}],"about":[{"href":"https:\/\/portalmovil.com.ar\/index.php\/wp-json\/wp\/v2\/types\/post"}],"author":[{"embeddable":true,"href":"https:\/\/portalmovil.com.ar\/index.php\/wp-json\/wp\/v2\/users\/2"}],"replies":[{"embeddable":true,"href":"https:\/\/portalmovil.com.ar\/index.php\/wp-json\/wp\/v2\/comments?post=116028"}],"version-history":[{"count":1,"href":"https:\/\/portalmovil.com.ar\/index.php\/wp-json\/wp\/v2\/posts\/116028\/revisions"}],"predecessor-version":[{"id":116030,"href":"https:\/\/portalmovil.com.ar\/index.php\/wp-json\/wp\/v2\/posts\/116028\/revisions\/116030"}],"wp:featuredmedia":[{"embeddable":true,"href":"https:\/\/portalmovil.com.ar\/index.php\/wp-json\/wp\/v2\/media\/116029"}],"wp:attachment":[{"href":"https:\/\/portalmovil.com.ar\/index.php\/wp-json\/wp\/v2\/media?parent=116028"}],"wp:term":[{"taxonomy":"category","embeddable":true,"href":"https:\/\/portalmovil.com.ar\/index.php\/wp-json\/wp\/v2\/categories?post=116028"},{"taxonomy":"post_tag","embeddable":true,"href":"https:\/\/portalmovil.com.ar\/index.php\/wp-json\/wp\/v2\/tags?post=116028"}],"curies":[{"name":"wp","href":"https:\/\/api.w.org\/{rel}","templated":true}]}}