{"id":116005,"date":"2026-01-12T08:45:46","date_gmt":"2026-01-12T11:45:46","guid":{"rendered":"https:\/\/portalmovil.com.ar\/?p=116005"},"modified":"2026-01-12T08:45:47","modified_gmt":"2026-01-12T11:45:47","slug":"incendio-en-los-frentones-ardieron-dos-camiones-cisterna-con-gasoil-en-una-estacion-de-servicio","status":"publish","type":"post","link":"https:\/\/portalmovil.com.ar\/index.php\/2026\/01\/12\/incendio-en-los-frentones-ardieron-dos-camiones-cisterna-con-gasoil-en-una-estacion-de-servicio\/","title":{"rendered":"Incendio en Los Frentones: ardieron dos camiones cisterna con gasoil en una estaci\u00f3n de servicio"},"content":{"rendered":"\n<p><strong>Un incendio afect\u00f3 a dos camiones cisterna cargados con gasoil durante la madrugada del lunes en una estaci\u00f3n YPF Agro<\/strong>&nbsp;ubicada sobre la&nbsp;<strong>Ruta Nacional 16, a la altura del kil\u00f3metro 287,7<\/strong>, en jurisdicci\u00f3n de&nbsp;<strong>Los<\/strong><strong>Frentones<\/strong>. El hecho fue advertido alrededor de las&nbsp;<strong>4:30<\/strong>, cuando un vecino del lugar alert\u00f3 a la Polic\u00eda sobre la presencia de un veh\u00edculo de gran porte envuelto en llamas.<\/p>\n\n\n\n<p>Al arribar al lugar, personal policial constat\u00f3 la situaci\u00f3n y confirm\u00f3 que&nbsp;<strong>se trataba de dos camiones cisterna, uno marca Volvo y otro Mercedes Benz, ambos con combustible<\/strong>. De inmediato se dio intervenci\u00f3n a los Bomberos Voluntarios de Los Frentones y de Pampa del Infierno, quienes trabajaron de manera coordinada para controlar el fuego y evitar que las llamas se propagaran a otras instalaciones de la estaci\u00f3n de servicio.<\/p>\n\n\n\n<p>Seg\u00fan las primeras averiguaciones,<strong>\u00a0el foco \u00edgneo se habr\u00eda iniciado en la zona de las bater\u00edas,<\/strong>\u00a0cerca de la cabina de ambos rodados. A pesar de la magnitud del incendio,\u00a0<strong>no se registraron personas lesionadas y solo se produjeron da\u00f1os materiales<\/strong>. La causa qued\u00f3 en manos de la Fiscal\u00eda N\u00b0 1 de S\u00e1enz Pe\u00f1a, mientras contin\u00faan las actuaciones para determinar con precisi\u00f3n el origen del siniestro.<\/p>\n","protected":false},"excerpt":{"rendered":"<p>Un incendio afect\u00f3 a dos camiones cisterna cargados con gasoil durante la madrugada del lunes en una estaci\u00f3n YPF Agro&nbsp;ubicada sobre la&nbsp;Ruta Nacional 16, a la altura del kil\u00f3metro 287,7, en jurisdicci\u00f3n de&nbsp;LosFrentones. El hecho fue advertido alrededor de las&nbsp;4:30, cuando un vecino del lugar alert\u00f3 a la Polic\u00eda sobre la presencia de un veh\u00edculo &hellip;<\/p>\n","protected":false},"author":2,"featured_media":116006,"comment_status":"open","ping_status":"open","sticky":false,"template":"","format":"standard","meta":{"_jetpack_memberships_contains_paid_content":false,"footnotes":"","jetpack_publicize_message":"","jetpack_publicize_feature_enabled":true,"jetpack_social_post_already_shared":true,"jetpack_social_options":{"image_generator_settings":{"template":"highway","default_image_id":0,"font":"","enabled":false},"version":2}},"categories":[5,8],"tags":[],"class_list":["post-116005","post","type-post","status-publish","format-standard","has-post-thumbnail","hentry","category-chaco","category-policiales"],"jetpack_publicize_connections":[],"jetpack_featured_media_url":"https:\/\/portalmovil.com.ar\/wp-content\/uploads\/2026\/01\/IMG-20260112-WA0008.jpg","jetpack_sharing_enabled":true,"amp_enabled":true,"_links":{"self":[{"href":"https:\/\/portalmovil.com.ar\/index.php\/wp-json\/wp\/v2\/posts\/116005","targetHints":{"allow":["GET"]}}],"collection":[{"href":"https:\/\/portalmovil.com.ar\/index.php\/wp-json\/wp\/v2\/posts"}],"about":[{"href":"https:\/\/portalmovil.com.ar\/index.php\/wp-json\/wp\/v2\/types\/post"}],"author":[{"embeddable":true,"href":"https:\/\/portalmovil.com.ar\/index.php\/wp-json\/wp\/v2\/users\/2"}],"replies":[{"embeddable":true,"href":"https:\/\/portalmovil.com.ar\/index.php\/wp-json\/wp\/v2\/comments?post=116005"}],"version-history":[{"count":1,"href":"https:\/\/portalmovil.com.ar\/index.php\/wp-json\/wp\/v2\/posts\/116005\/revisions"}],"predecessor-version":[{"id":116007,"href":"https:\/\/portalmovil.com.ar\/index.php\/wp-json\/wp\/v2\/posts\/116005\/revisions\/116007"}],"wp:featuredmedia":[{"embeddable":true,"href":"https:\/\/portalmovil.com.ar\/index.php\/wp-json\/wp\/v2\/media\/116006"}],"wp:attachment":[{"href":"https:\/\/portalmovil.com.ar\/index.php\/wp-json\/wp\/v2\/media?parent=116005"}],"wp:term":[{"taxonomy":"category","embeddable":true,"href":"https:\/\/portalmovil.com.ar\/index.php\/wp-json\/wp\/v2\/categories?post=116005"},{"taxonomy":"post_tag","embeddable":true,"href":"https:\/\/portalmovil.com.ar\/index.php\/wp-json\/wp\/v2\/tags?post=116005"}],"curies":[{"name":"wp","href":"https:\/\/api.w.org\/{rel}","templated":true}]}}