{"id":115989,"date":"2026-01-11T12:51:32","date_gmt":"2026-01-11T15:51:32","guid":{"rendered":"https:\/\/portalmovil.com.ar\/?p=115989"},"modified":"2026-01-11T12:51:34","modified_gmt":"2026-01-11T15:51:34","slug":"accidente-fatal-murio-un-motociclista-tras-colisionar-con-un-auto","status":"publish","type":"post","link":"https:\/\/portalmovil.com.ar\/index.php\/2026\/01\/11\/accidente-fatal-murio-un-motociclista-tras-colisionar-con-un-auto\/","title":{"rendered":"Accidente fatal: muri\u00f3 un motociclista tras colisionar con un auto"},"content":{"rendered":"\n<p>Un hombre muri\u00f3 este domingo por la ma\u00f1ana tras un choque entre una motocicleta y un autom\u00f3vil sobre la Ruta Nacional N\u00b0 95, en jurisdicci\u00f3n de Villa R\u00edo Bermejito.<\/p>\n\n\n\n<p>El siniestro ocurri\u00f3 alrededor de las 6.30 y, como consecuencia del fuerte impacto, el motociclista falleci\u00f3 en el lugar debido a las graves lesiones. Personal policial trabaja para esclarecer las circunstancias del hecho.<\/p>\n","protected":false},"excerpt":{"rendered":"<p>Un hombre muri\u00f3 este domingo por la ma\u00f1ana tras un choque entre una motocicleta y un autom\u00f3vil sobre la Ruta Nacional N\u00b0 95, en jurisdicci\u00f3n de Villa R\u00edo Bermejito. El siniestro ocurri\u00f3 alrededor de las 6.30 y, como consecuencia del fuerte impacto, el motociclista falleci\u00f3 en el lugar debido a las graves lesiones. Personal policial &hellip;<\/p>\n","protected":false},"author":2,"featured_media":115990,"comment_status":"open","ping_status":"open","sticky":false,"template":"","format":"standard","meta":{"_jetpack_memberships_contains_paid_content":false,"footnotes":"","jetpack_publicize_message":"","jetpack_publicize_feature_enabled":true,"jetpack_social_post_already_shared":true,"jetpack_social_options":{"image_generator_settings":{"template":"highway","default_image_id":0,"font":"","enabled":false},"version":2}},"categories":[5,8],"tags":[],"class_list":["post-115989","post","type-post","status-publish","format-standard","has-post-thumbnail","hentry","category-chaco","category-policiales"],"jetpack_publicize_connections":[],"jetpack_featured_media_url":"https:\/\/portalmovil.com.ar\/wp-content\/uploads\/2026\/01\/IMG-20260111-WA0013.jpg","jetpack_sharing_enabled":true,"amp_enabled":true,"_links":{"self":[{"href":"https:\/\/portalmovil.com.ar\/index.php\/wp-json\/wp\/v2\/posts\/115989","targetHints":{"allow":["GET"]}}],"collection":[{"href":"https:\/\/portalmovil.com.ar\/index.php\/wp-json\/wp\/v2\/posts"}],"about":[{"href":"https:\/\/portalmovil.com.ar\/index.php\/wp-json\/wp\/v2\/types\/post"}],"author":[{"embeddable":true,"href":"https:\/\/portalmovil.com.ar\/index.php\/wp-json\/wp\/v2\/users\/2"}],"replies":[{"embeddable":true,"href":"https:\/\/portalmovil.com.ar\/index.php\/wp-json\/wp\/v2\/comments?post=115989"}],"version-history":[{"count":1,"href":"https:\/\/portalmovil.com.ar\/index.php\/wp-json\/wp\/v2\/posts\/115989\/revisions"}],"predecessor-version":[{"id":115991,"href":"https:\/\/portalmovil.com.ar\/index.php\/wp-json\/wp\/v2\/posts\/115989\/revisions\/115991"}],"wp:featuredmedia":[{"embeddable":true,"href":"https:\/\/portalmovil.com.ar\/index.php\/wp-json\/wp\/v2\/media\/115990"}],"wp:attachment":[{"href":"https:\/\/portalmovil.com.ar\/index.php\/wp-json\/wp\/v2\/media?parent=115989"}],"wp:term":[{"taxonomy":"category","embeddable":true,"href":"https:\/\/portalmovil.com.ar\/index.php\/wp-json\/wp\/v2\/categories?post=115989"},{"taxonomy":"post_tag","embeddable":true,"href":"https:\/\/portalmovil.com.ar\/index.php\/wp-json\/wp\/v2\/tags?post=115989"}],"curies":[{"name":"wp","href":"https:\/\/api.w.org\/{rel}","templated":true}]}}