{"id":115964,"date":"2026-01-09T15:16:55","date_gmt":"2026-01-09T18:16:55","guid":{"rendered":"https:\/\/portalmovil.com.ar\/?p=115964"},"modified":"2026-01-09T15:16:56","modified_gmt":"2026-01-09T18:16:56","slug":"chaco-declaro-la-emergencia-hidrometeorologica-para-recibir-fondos-de-nacion","status":"publish","type":"post","link":"https:\/\/portalmovil.com.ar\/index.php\/2026\/01\/09\/chaco-declaro-la-emergencia-hidrometeorologica-para-recibir-fondos-de-nacion\/","title":{"rendered":"Chaco declar\u00f3 la Emergencia Hidrometeorol\u00f3gica para recibir fondos de naci\u00f3n"},"content":{"rendered":"\n<p>Chaco declar\u00f3 la Emergencia Hidrometeorol\u00f3gica en toda la provincia desde del 8 de enero y hasta el 31 de agosto de 2026. La medida se da como respuesta a las intensas lluvias registradas en diciembre y a la probabilidad de precipitaciones copiosas en los pr\u00f3ximos meses. <\/p>\n\n\n\n<p>El decreto fue formalizado mediante su publicaci\u00f3n en el Bolet\u00edn Oficial y contempla la habilitaci\u00f3n de un fondo especial de hasta $ 1.500 millones.En los considerandos de la norma, con firma del gobernador Leandro Zdero, indican que la Administraci\u00f3n Provincial del Agua (APA) inform\u00f3 que el \u00faltimo mes del 2025 la provincia fue afectada por precipitaciones intensas \u00abconcentradas en cortos per\u00edodos de tiempo, que superaron ampliamente los valores medios hist\u00f3ricos mensuales en numerosos puntos del territorio provincial\u00bb lo que provoc\u00f3 anegamientos urbanos y rurales, desbordes de cursos y canales, y da\u00f1os en viviendas e infraestructura.<\/p>\n","protected":false},"excerpt":{"rendered":"<p>Chaco declar\u00f3 la Emergencia Hidrometeorol\u00f3gica en toda la provincia desde del 8 de enero y hasta el 31 de agosto de 2026. La medida se da como respuesta a las intensas lluvias registradas en diciembre y a la probabilidad de precipitaciones copiosas en los pr\u00f3ximos meses. El decreto fue formalizado mediante su publicaci\u00f3n en el &hellip;<\/p>\n","protected":false},"author":2,"featured_media":115965,"comment_status":"open","ping_status":"open","sticky":false,"template":"","format":"standard","meta":{"_jetpack_memberships_contains_paid_content":false,"footnotes":"","jetpack_publicize_message":"","jetpack_publicize_feature_enabled":true,"jetpack_social_post_already_shared":true,"jetpack_social_options":{"image_generator_settings":{"template":"highway","default_image_id":0,"font":"","enabled":false},"version":2}},"categories":[5,14],"tags":[],"class_list":["post-115964","post","type-post","status-publish","format-standard","has-post-thumbnail","hentry","category-chaco","category-politica"],"jetpack_publicize_connections":[],"jetpack_featured_media_url":"https:\/\/portalmovil.com.ar\/wp-content\/uploads\/2026\/01\/FB_IMG_1767982585283.jpg","jetpack_sharing_enabled":true,"amp_enabled":true,"_links":{"self":[{"href":"https:\/\/portalmovil.com.ar\/index.php\/wp-json\/wp\/v2\/posts\/115964","targetHints":{"allow":["GET"]}}],"collection":[{"href":"https:\/\/portalmovil.com.ar\/index.php\/wp-json\/wp\/v2\/posts"}],"about":[{"href":"https:\/\/portalmovil.com.ar\/index.php\/wp-json\/wp\/v2\/types\/post"}],"author":[{"embeddable":true,"href":"https:\/\/portalmovil.com.ar\/index.php\/wp-json\/wp\/v2\/users\/2"}],"replies":[{"embeddable":true,"href":"https:\/\/portalmovil.com.ar\/index.php\/wp-json\/wp\/v2\/comments?post=115964"}],"version-history":[{"count":1,"href":"https:\/\/portalmovil.com.ar\/index.php\/wp-json\/wp\/v2\/posts\/115964\/revisions"}],"predecessor-version":[{"id":115966,"href":"https:\/\/portalmovil.com.ar\/index.php\/wp-json\/wp\/v2\/posts\/115964\/revisions\/115966"}],"wp:featuredmedia":[{"embeddable":true,"href":"https:\/\/portalmovil.com.ar\/index.php\/wp-json\/wp\/v2\/media\/115965"}],"wp:attachment":[{"href":"https:\/\/portalmovil.com.ar\/index.php\/wp-json\/wp\/v2\/media?parent=115964"}],"wp:term":[{"taxonomy":"category","embeddable":true,"href":"https:\/\/portalmovil.com.ar\/index.php\/wp-json\/wp\/v2\/categories?post=115964"},{"taxonomy":"post_tag","embeddable":true,"href":"https:\/\/portalmovil.com.ar\/index.php\/wp-json\/wp\/v2\/tags?post=115964"}],"curies":[{"name":"wp","href":"https:\/\/api.w.org\/{rel}","templated":true}]}}