{"id":115922,"date":"2026-01-08T13:26:26","date_gmt":"2026-01-08T16:26:26","guid":{"rendered":"https:\/\/portalmovil.com.ar\/?p=115922"},"modified":"2026-01-08T13:26:28","modified_gmt":"2026-01-08T16:26:28","slug":"vargas-presento-un-plan-para-evitar-inundaciones-en-barranqueras","status":"publish","type":"post","link":"https:\/\/portalmovil.com.ar\/index.php\/2026\/01\/08\/vargas-presento-un-plan-para-evitar-inundaciones-en-barranqueras\/","title":{"rendered":"Vargas present\u00f3 un Plan para evitar inundaciones en Barranqueras"},"content":{"rendered":"\n<p>El diputado Samuel Vargas present\u00f3 un Plan Estrat\u00e9gico Urbano-Territorial para prevenir inundaciones en Barranqueras, tras las intensas lluvias que provocaron barrios anegados y p\u00e9rdidas materiales. Se\u00f1al\u00f3 que la situaci\u00f3n no es inesperada, sino consecuencia de la falta de planificaci\u00f3n urbana frente al cambio clim\u00e1tico, y critic\u00f3 el \u201cvoluntarismo\u201d sin pol\u00edticas sostenidas.<\/p>\n\n\n\n<p><br>La propuesta incluye un diagn\u00f3stico real y un plan de acci\u00f3n integral con obras de saneamiento, drenaje pluvial y gesti\u00f3n territorial. Entre los ejes principales se destacan: la recuperaci\u00f3n y saneamiento de lagunas y canales, la protecci\u00f3n de la ribera y del espacio p\u00fablico, soluciones urbano-ambientales en zonas vulnerables, mejoras en el drenaje pluvial, instalaci\u00f3n de estaciones de bombeo con respaldo energ\u00e9tico y una visi\u00f3n de gesti\u00f3n por cuencas, coordinada entre municipio y provincia, con participaci\u00f3n ciudadana y programas de mantenimiento permanentes.<\/p>\n\n\n\n<p><br>Vargas remarc\u00f3 que los vecinos no deben ser rehenes de disputas pol\u00edticas y reclam\u00f3 acciones urgentes y planificadas para evitar que cada lluvia vuelva a convertirse en una inundaci\u00f3n.<\/p>\n","protected":false},"excerpt":{"rendered":"<p>El diputado Samuel Vargas present\u00f3 un Plan Estrat\u00e9gico Urbano-Territorial para prevenir inundaciones en Barranqueras, tras las intensas lluvias que provocaron barrios anegados y p\u00e9rdidas materiales. Se\u00f1al\u00f3 que la situaci\u00f3n no es inesperada, sino consecuencia de la falta de planificaci\u00f3n urbana frente al cambio clim\u00e1tico, y critic\u00f3 el \u201cvoluntarismo\u201d sin pol\u00edticas sostenidas. La propuesta incluye un &hellip;<\/p>\n","protected":false},"author":2,"featured_media":115923,"comment_status":"open","ping_status":"open","sticky":false,"template":"","format":"standard","meta":{"_jetpack_memberships_contains_paid_content":false,"footnotes":"","jetpack_publicize_message":"","jetpack_publicize_feature_enabled":true,"jetpack_social_post_already_shared":true,"jetpack_social_options":{"image_generator_settings":{"template":"highway","default_image_id":0,"font":"","enabled":false},"version":2}},"categories":[5,14],"tags":[],"class_list":["post-115922","post","type-post","status-publish","format-standard","has-post-thumbnail","hentry","category-chaco","category-politica"],"jetpack_publicize_connections":[],"jetpack_featured_media_url":"https:\/\/portalmovil.com.ar\/wp-content\/uploads\/2026\/01\/FB_IMG_1767889498116.jpg","jetpack_sharing_enabled":true,"amp_enabled":true,"_links":{"self":[{"href":"https:\/\/portalmovil.com.ar\/index.php\/wp-json\/wp\/v2\/posts\/115922","targetHints":{"allow":["GET"]}}],"collection":[{"href":"https:\/\/portalmovil.com.ar\/index.php\/wp-json\/wp\/v2\/posts"}],"about":[{"href":"https:\/\/portalmovil.com.ar\/index.php\/wp-json\/wp\/v2\/types\/post"}],"author":[{"embeddable":true,"href":"https:\/\/portalmovil.com.ar\/index.php\/wp-json\/wp\/v2\/users\/2"}],"replies":[{"embeddable":true,"href":"https:\/\/portalmovil.com.ar\/index.php\/wp-json\/wp\/v2\/comments?post=115922"}],"version-history":[{"count":1,"href":"https:\/\/portalmovil.com.ar\/index.php\/wp-json\/wp\/v2\/posts\/115922\/revisions"}],"predecessor-version":[{"id":115924,"href":"https:\/\/portalmovil.com.ar\/index.php\/wp-json\/wp\/v2\/posts\/115922\/revisions\/115924"}],"wp:featuredmedia":[{"embeddable":true,"href":"https:\/\/portalmovil.com.ar\/index.php\/wp-json\/wp\/v2\/media\/115923"}],"wp:attachment":[{"href":"https:\/\/portalmovil.com.ar\/index.php\/wp-json\/wp\/v2\/media?parent=115922"}],"wp:term":[{"taxonomy":"category","embeddable":true,"href":"https:\/\/portalmovil.com.ar\/index.php\/wp-json\/wp\/v2\/categories?post=115922"},{"taxonomy":"post_tag","embeddable":true,"href":"https:\/\/portalmovil.com.ar\/index.php\/wp-json\/wp\/v2\/tags?post=115922"}],"curies":[{"name":"wp","href":"https:\/\/api.w.org\/{rel}","templated":true}]}}