{"id":115866,"date":"2026-01-06T16:23:42","date_gmt":"2026-01-06T19:23:42","guid":{"rendered":"https:\/\/portalmovil.com.ar\/?p=115866"},"modified":"2026-01-06T16:23:44","modified_gmt":"2026-01-06T19:23:44","slug":"adolescente-habria-sido-drogada-y-abusada-esta-internada","status":"publish","type":"post","link":"https:\/\/portalmovil.com.ar\/index.php\/2026\/01\/06\/adolescente-habria-sido-drogada-y-abusada-esta-internada\/","title":{"rendered":"Adolescente habr\u00eda sido drogada y abusada: &#8216;Esta internada&#8217;"},"content":{"rendered":"\n<p>Un hombre de 51 a\u00f1os denunci\u00f3, seg\u00fan consta en un parte policial, que su hija de 13 a\u00f1os, identificada como M. J. S., habr\u00eda sido v\u00edctima de un supuesto abuso por parte de dos hombres durante la noche del lunes, en la ciudad de Resistencia.<\/p>\n\n\n\n<p>De acuerdo a la denuncia, alrededor de las 22.30 la menor se habr\u00eda dirigido a la vivienda de una amiga, ubicada a la vuelta de su domicilio, con la intenci\u00f3n de tomar mates. Al transcurrir aproximadamente una hora y no regresar a su hogar, sus padres advirtieron su ausencia. Ante esta situaci\u00f3n, un hermano de la adolescente fue hasta la casa de la vecina, donde no la encontr\u00f3, y la moradora indic\u00f3 que la joven nunca se present\u00f3 en el lugar.<\/p>\n\n\n\n<p>Tras tomar conocimiento de esta informaci\u00f3n, el padre sali\u00f3 a buscarla en bicicleta por distintos sectores del barrio, sin obtener resultados. Posteriormente, cerca de la 1 de la madrugada de este martes, un vecino se acerc\u00f3 y le inform\u00f3 que la menor se encontrar\u00eda en la plaza ubicada en las calles Nicaragua y Miguel Delfino.<\/p>\n\n\n\n<p>Al arribar al lugar, el denunciante hall\u00f3 a la adolescente, quien manifest\u00f3 sentir dolor abdominal. La menor se encontraba consciente, aunque con signos de mareo, y habr\u00eda expresado que \u00abun masculino le tap\u00f3 la boca\u00bb, indicando adem\u00e1s que no logr\u00f3 identificarlo. Consultada nuevamente por su padre, la ni\u00f1a se\u00f1al\u00f3: \u00abNo me pas\u00f3 nada. Me duele un poco la panza nom\u00e1s\u00bb.<\/p>\n\n\n\n<p>Ante esta situaci\u00f3n, se solicit\u00f3 la presencia policial y la menor fue trasladada al Hospital Pedi\u00e1trico \u00abAvelino L. Castel\u00e1n\u00bb, donde fue atendida por la m\u00e9dica de turno, quien aguard\u00f3 la intervenci\u00f3n del Servicio de Atenci\u00f3n de Ni\u00f1as, Ni\u00f1os y Adolescentes V\u00edctimas de Violencias (SAINNAVV), junto al m\u00e9dico forense y el bioqu\u00edmico, a fin de realizar la evaluaci\u00f3n correspondiente.<\/p>\n\n\n\n<p>Finalmente, el padre de la menor reiter\u00f3 que su hija habr\u00eda sufrido un presunto abuso por parte de dos hombres y agreg\u00f3 que la adolescente no recuerda c\u00f3mo se habr\u00edan desarrollado los hechos, ya que, seg\u00fan manifest\u00f3, le habr\u00edan hecho ingerir alguna sustancia.<\/p>\n","protected":false},"excerpt":{"rendered":"<p>Un hombre de 51 a\u00f1os denunci\u00f3, seg\u00fan consta en un parte policial, que su hija de 13 a\u00f1os, identificada como M. J. S., habr\u00eda sido v\u00edctima de un supuesto abuso por parte de dos hombres durante la noche del lunes, en la ciudad de Resistencia. De acuerdo a la denuncia, alrededor de las 22.30 la &hellip;<\/p>\n","protected":false},"author":2,"featured_media":8694,"comment_status":"open","ping_status":"open","sticky":false,"template":"","format":"standard","meta":{"_jetpack_memberships_contains_paid_content":false,"footnotes":"","jetpack_publicize_message":"","jetpack_publicize_feature_enabled":true,"jetpack_social_post_already_shared":true,"jetpack_social_options":{"image_generator_settings":{"template":"highway","default_image_id":0,"font":"","enabled":false},"version":2}},"categories":[5,8],"tags":[],"class_list":["post-115866","post","type-post","status-publish","format-standard","has-post-thumbnail","hentry","category-chaco","category-policiales"],"jetpack_publicize_connections":[],"jetpack_featured_media_url":"https:\/\/portalmovil.com.ar\/wp-content\/uploads\/2020\/07\/fbc474b4-baff-4198-a39f-292e5391e85d.jpg","jetpack_sharing_enabled":true,"amp_enabled":true,"_links":{"self":[{"href":"https:\/\/portalmovil.com.ar\/index.php\/wp-json\/wp\/v2\/posts\/115866","targetHints":{"allow":["GET"]}}],"collection":[{"href":"https:\/\/portalmovil.com.ar\/index.php\/wp-json\/wp\/v2\/posts"}],"about":[{"href":"https:\/\/portalmovil.com.ar\/index.php\/wp-json\/wp\/v2\/types\/post"}],"author":[{"embeddable":true,"href":"https:\/\/portalmovil.com.ar\/index.php\/wp-json\/wp\/v2\/users\/2"}],"replies":[{"embeddable":true,"href":"https:\/\/portalmovil.com.ar\/index.php\/wp-json\/wp\/v2\/comments?post=115866"}],"version-history":[{"count":1,"href":"https:\/\/portalmovil.com.ar\/index.php\/wp-json\/wp\/v2\/posts\/115866\/revisions"}],"predecessor-version":[{"id":115867,"href":"https:\/\/portalmovil.com.ar\/index.php\/wp-json\/wp\/v2\/posts\/115866\/revisions\/115867"}],"wp:featuredmedia":[{"embeddable":true,"href":"https:\/\/portalmovil.com.ar\/index.php\/wp-json\/wp\/v2\/media\/8694"}],"wp:attachment":[{"href":"https:\/\/portalmovil.com.ar\/index.php\/wp-json\/wp\/v2\/media?parent=115866"}],"wp:term":[{"taxonomy":"category","embeddable":true,"href":"https:\/\/portalmovil.com.ar\/index.php\/wp-json\/wp\/v2\/categories?post=115866"},{"taxonomy":"post_tag","embeddable":true,"href":"https:\/\/portalmovil.com.ar\/index.php\/wp-json\/wp\/v2\/tags?post=115866"}],"curies":[{"name":"wp","href":"https:\/\/api.w.org\/{rel}","templated":true}]}}