{"id":115859,"date":"2026-01-06T15:33:51","date_gmt":"2026-01-06T18:33:51","guid":{"rendered":"https:\/\/portalmovil.com.ar\/?p=115859"},"modified":"2026-01-06T15:33:53","modified_gmt":"2026-01-06T18:33:53","slug":"toxica-ataco-con-una-maquina-de-cortar-cabello-a-su-pareja","status":"publish","type":"post","link":"https:\/\/portalmovil.com.ar\/index.php\/2026\/01\/06\/toxica-ataco-con-una-maquina-de-cortar-cabello-a-su-pareja\/","title":{"rendered":"T\u00f3xica atac\u00f3 con una maquina de cortar cabello a su pareja"},"content":{"rendered":"\n<p>Un joven de 22 a\u00f1os se present\u00f3 en el centro de salud de Villa Libertad este martes cerca de las 8:30. Presentaba un corte profundo en la zona del t\u00f3rax, por lo que fue atendido de inmediato por el personal.&nbsp;<\/p>\n\n\n\n<p>Una vez que se emiti\u00f3 el alerta sobre el herido por arma blanca, efectivos de la Comisar\u00eda S\u00e9ptima se presentaron en el centro de salud y entrevistaron al joven, quien dijo haber sido atacado por su pareja de 22 a\u00f1os con quien comparte domicilio.&nbsp;<\/p>\n\n\n\n<p><a href=\"https:\/\/www.youtube.com\/@datachacostream\/streams\" target=\"_blank\" rel=\"noreferrer noopener\"><\/a><\/p>\n\n\n\n<p>Seg\u00fan el relato del damnificado, el ataque se produjo durante una discusi\u00f3n en la que la mujer, identificada como L.A.B., tom\u00f3 una m\u00e1quina el\u00e9ctrica de cortar cabello y la utiliz\u00f3 como arma blanca, provoc\u00e1ndole un traumatismo contuso cortante en la regi\u00f3n externa del t\u00f3rax.<\/p>\n\n\n\n<p>Tras esto, los oficiales de la Guardia de Prevenci\u00f3n se dirigieron al lugar del hecho, sobre Av. San Mart\u00edn al 3300, y pusieron bajo arresto a la pareja del denunciante, secuestrando tambi\u00e9n el elemento utilizado para ocasionar el da\u00f1o.&nbsp;<\/p>\n","protected":false},"excerpt":{"rendered":"<p>Un joven de 22 a\u00f1os se present\u00f3 en el centro de salud de Villa Libertad este martes cerca de las 8:30. Presentaba un corte profundo en la zona del t\u00f3rax, por lo que fue atendido de inmediato por el personal.&nbsp; Una vez que se emiti\u00f3 el alerta sobre el herido por arma blanca, efectivos de &hellip;<\/p>\n","protected":false},"author":2,"featured_media":115860,"comment_status":"open","ping_status":"open","sticky":false,"template":"","format":"standard","meta":{"_jetpack_memberships_contains_paid_content":false,"footnotes":"","jetpack_publicize_message":"","jetpack_publicize_feature_enabled":true,"jetpack_social_post_already_shared":true,"jetpack_social_options":{"image_generator_settings":{"template":"highway","default_image_id":0,"font":"","enabled":false},"version":2}},"categories":[8,37],"tags":[],"class_list":["post-115859","post","type-post","status-publish","format-standard","has-post-thumbnail","hentry","category-policiales","category-resistencia"],"jetpack_publicize_connections":[],"jetpack_featured_media_url":"https:\/\/portalmovil.com.ar\/wp-content\/uploads\/2026\/01\/186488w480h270c.jpg.webp","jetpack_sharing_enabled":true,"amp_enabled":true,"_links":{"self":[{"href":"https:\/\/portalmovil.com.ar\/index.php\/wp-json\/wp\/v2\/posts\/115859","targetHints":{"allow":["GET"]}}],"collection":[{"href":"https:\/\/portalmovil.com.ar\/index.php\/wp-json\/wp\/v2\/posts"}],"about":[{"href":"https:\/\/portalmovil.com.ar\/index.php\/wp-json\/wp\/v2\/types\/post"}],"author":[{"embeddable":true,"href":"https:\/\/portalmovil.com.ar\/index.php\/wp-json\/wp\/v2\/users\/2"}],"replies":[{"embeddable":true,"href":"https:\/\/portalmovil.com.ar\/index.php\/wp-json\/wp\/v2\/comments?post=115859"}],"version-history":[{"count":1,"href":"https:\/\/portalmovil.com.ar\/index.php\/wp-json\/wp\/v2\/posts\/115859\/revisions"}],"predecessor-version":[{"id":115861,"href":"https:\/\/portalmovil.com.ar\/index.php\/wp-json\/wp\/v2\/posts\/115859\/revisions\/115861"}],"wp:featuredmedia":[{"embeddable":true,"href":"https:\/\/portalmovil.com.ar\/index.php\/wp-json\/wp\/v2\/media\/115860"}],"wp:attachment":[{"href":"https:\/\/portalmovil.com.ar\/index.php\/wp-json\/wp\/v2\/media?parent=115859"}],"wp:term":[{"taxonomy":"category","embeddable":true,"href":"https:\/\/portalmovil.com.ar\/index.php\/wp-json\/wp\/v2\/categories?post=115859"},{"taxonomy":"post_tag","embeddable":true,"href":"https:\/\/portalmovil.com.ar\/index.php\/wp-json\/wp\/v2\/tags?post=115859"}],"curies":[{"name":"wp","href":"https:\/\/api.w.org\/{rel}","templated":true}]}}