{"id":115787,"date":"2026-01-04T20:50:49","date_gmt":"2026-01-04T23:50:49","guid":{"rendered":"https:\/\/portalmovil.com.ar\/?p=115787"},"modified":"2026-01-04T20:50:51","modified_gmt":"2026-01-04T23:50:51","slug":"puerto-tirol-hallaron-una-persona-muerta-en-la-vera-de-la-ruta-16","status":"publish","type":"post","link":"https:\/\/portalmovil.com.ar\/index.php\/2026\/01\/04\/puerto-tirol-hallaron-una-persona-muerta-en-la-vera-de-la-ruta-16\/","title":{"rendered":"Puerto Tirol: Hallaron una persona muerta en la vera de la Ruta 16"},"content":{"rendered":"\n<p>En la tarde del domingo, alrededor de las 17.55 horas, dos ciclistas encontraron un cuerpo en estado de descomposici\u00f3n a la vera de la Ruta 16 en Puerto Tirol.<\/p>\n\n\n\n<p>Tras conocer dicho hallazgo, personal policial se dirigi\u00f3 al lugar de los hechos para constatar el cuerpo hallado y realizar las pericias correspondientes. De acuerdo con los efectivos, el mismo pertenece a un masculino de aproximadamente 35 a\u00f1os, al cual no pudieron identificar.<\/p>\n\n\n\n<p>El m\u00e9dico policial, Dr. Luis M\u00e1rquez, examin\u00f3 el cuerpo susodicho y constat\u00f3 que el mismo tendr\u00eda entre siete y diez d\u00edas de fallecido, pero que no pudo verificar las causas del deceso debido al nivel de descomposici\u00f3n que posee.<\/p>\n\n\n\n<p>En la investigaci\u00f3n del hecho caratulado como \u00abmuerte dudosa\u00bb intervinieron Personal de Gabinete Cient\u00edfico a cargo de la Licenciada Silvana Bonilla, Fiscal de Turno N\u00b04 Dra. Mariana Echarri junto al Ayudante Fiscal, Gabriel Gaona. Al finalizar, la magistratura interviniente dispuso el traslado del cuerpo al IMCIF para realizar la autopsia.<\/p>\n","protected":false},"excerpt":{"rendered":"<p>En la tarde del domingo, alrededor de las 17.55 horas, dos ciclistas encontraron un cuerpo en estado de descomposici\u00f3n a la vera de la Ruta 16 en Puerto Tirol. Tras conocer dicho hallazgo, personal policial se dirigi\u00f3 al lugar de los hechos para constatar el cuerpo hallado y realizar las pericias correspondientes. De acuerdo con &hellip;<\/p>\n","protected":false},"author":2,"featured_media":115788,"comment_status":"open","ping_status":"open","sticky":false,"template":"","format":"standard","meta":{"_jetpack_memberships_contains_paid_content":false,"footnotes":"","jetpack_publicize_message":"","jetpack_publicize_feature_enabled":true,"jetpack_social_post_already_shared":true,"jetpack_social_options":{"image_generator_settings":{"template":"highway","default_image_id":0,"font":"","enabled":false},"version":2}},"categories":[5,8],"tags":[],"class_list":["post-115787","post","type-post","status-publish","format-standard","has-post-thumbnail","hentry","category-chaco","category-policiales"],"jetpack_publicize_connections":[],"jetpack_featured_media_url":"https:\/\/portalmovil.com.ar\/wp-content\/uploads\/2026\/01\/IMG-20260104-WA0016.jpg","jetpack_sharing_enabled":true,"amp_enabled":true,"_links":{"self":[{"href":"https:\/\/portalmovil.com.ar\/index.php\/wp-json\/wp\/v2\/posts\/115787","targetHints":{"allow":["GET"]}}],"collection":[{"href":"https:\/\/portalmovil.com.ar\/index.php\/wp-json\/wp\/v2\/posts"}],"about":[{"href":"https:\/\/portalmovil.com.ar\/index.php\/wp-json\/wp\/v2\/types\/post"}],"author":[{"embeddable":true,"href":"https:\/\/portalmovil.com.ar\/index.php\/wp-json\/wp\/v2\/users\/2"}],"replies":[{"embeddable":true,"href":"https:\/\/portalmovil.com.ar\/index.php\/wp-json\/wp\/v2\/comments?post=115787"}],"version-history":[{"count":1,"href":"https:\/\/portalmovil.com.ar\/index.php\/wp-json\/wp\/v2\/posts\/115787\/revisions"}],"predecessor-version":[{"id":115789,"href":"https:\/\/portalmovil.com.ar\/index.php\/wp-json\/wp\/v2\/posts\/115787\/revisions\/115789"}],"wp:featuredmedia":[{"embeddable":true,"href":"https:\/\/portalmovil.com.ar\/index.php\/wp-json\/wp\/v2\/media\/115788"}],"wp:attachment":[{"href":"https:\/\/portalmovil.com.ar\/index.php\/wp-json\/wp\/v2\/media?parent=115787"}],"wp:term":[{"taxonomy":"category","embeddable":true,"href":"https:\/\/portalmovil.com.ar\/index.php\/wp-json\/wp\/v2\/categories?post=115787"},{"taxonomy":"post_tag","embeddable":true,"href":"https:\/\/portalmovil.com.ar\/index.php\/wp-json\/wp\/v2\/tags?post=115787"}],"curies":[{"name":"wp","href":"https:\/\/api.w.org\/{rel}","templated":true}]}}