{"id":115762,"date":"2026-01-03T19:58:17","date_gmt":"2026-01-03T22:58:17","guid":{"rendered":"https:\/\/portalmovil.com.ar\/?p=115762"},"modified":"2026-01-03T19:58:19","modified_gmt":"2026-01-03T22:58:19","slug":"zdero-sobre-la-captura-de-maduro-una-venezuela-libre-es-posible","status":"publish","type":"post","link":"https:\/\/portalmovil.com.ar\/index.php\/2026\/01\/03\/zdero-sobre-la-captura-de-maduro-una-venezuela-libre-es-posible\/","title":{"rendered":"Zdero sobre la captura de Maduro: \u00abUna Venezuela libre es posible\u00bb"},"content":{"rendered":"\n<p>El gobernador de la provincia del Chaco, Leandro Zdero, utiliz\u00f3 sus redes sociales para referirse a la captura del dictador venezolano Nicol\u00e1s Maduro, quien fue sacado del pa\u00eds en un operativo dirigido por los Estados Unidos este s\u00e1bado. <\/p>\n\n\n\n<p>A trav\u00e9s de un mensaje publicado en la red social X, el mandatario provincial expres\u00f3 su postura sobre el impacto pol\u00edtico y regional del hecho.<\/p>\n\n\n\n<figure class=\"wp-block-embed is-type-rich is-provider-twitter wp-block-embed-twitter\"><div class=\"wp-block-embed__wrapper\">\n<div class=\"embed-twitter\"><blockquote class=\"twitter-tweet\" data-width=\"500\" data-dnt=\"true\"><p lang=\"es\" dir=\"ltr\">La ca\u00edda del dictador marca el fin de una etapa de opresi\u00f3n y el comienzo de la esperanza. Venezuela tiene ahora la oportunidad hist\u00f3rica de recuperar la democracia, reconstruir la Rep\u00fablica y asegurar que la voluntad popular sea respetada. \u00a1Una Venezuela libre es posible!<\/p>&mdash; Leandro Zdero (@LeandroZdero) <a href=\"https:\/\/twitter.com\/LeandroZdero\/status\/2007569819470835939?ref_src=twsrc%5Etfw\">January 3, 2026<\/a><\/blockquote><script async src=\"https:\/\/platform.twitter.com\/widgets.js\" charset=\"utf-8\"><\/script><\/div>\n<\/div><\/figure>\n","protected":false},"excerpt":{"rendered":"<p>El gobernador de la provincia del Chaco, Leandro Zdero, utiliz\u00f3 sus redes sociales para referirse a la captura del dictador venezolano Nicol\u00e1s Maduro, quien fue sacado del pa\u00eds en un operativo dirigido por los Estados Unidos este s\u00e1bado. A trav\u00e9s de un mensaje publicado en la red social X, el mandatario provincial expres\u00f3 su postura &hellip;<\/p>\n","protected":false},"author":2,"featured_media":115763,"comment_status":"open","ping_status":"open","sticky":false,"template":"","format":"standard","meta":{"_jetpack_memberships_contains_paid_content":false,"footnotes":"","jetpack_publicize_message":"","jetpack_publicize_feature_enabled":true,"jetpack_social_post_already_shared":true,"jetpack_social_options":{"image_generator_settings":{"template":"highway","default_image_id":0,"font":"","enabled":false},"version":2}},"categories":[5,14],"tags":[],"class_list":["post-115762","post","type-post","status-publish","format-standard","has-post-thumbnail","hentry","category-chaco","category-politica"],"jetpack_publicize_connections":[],"jetpack_featured_media_url":"https:\/\/portalmovil.com.ar\/wp-content\/uploads\/2026\/01\/291734w480h320c.jpg.webp","jetpack_sharing_enabled":true,"amp_enabled":true,"_links":{"self":[{"href":"https:\/\/portalmovil.com.ar\/index.php\/wp-json\/wp\/v2\/posts\/115762","targetHints":{"allow":["GET"]}}],"collection":[{"href":"https:\/\/portalmovil.com.ar\/index.php\/wp-json\/wp\/v2\/posts"}],"about":[{"href":"https:\/\/portalmovil.com.ar\/index.php\/wp-json\/wp\/v2\/types\/post"}],"author":[{"embeddable":true,"href":"https:\/\/portalmovil.com.ar\/index.php\/wp-json\/wp\/v2\/users\/2"}],"replies":[{"embeddable":true,"href":"https:\/\/portalmovil.com.ar\/index.php\/wp-json\/wp\/v2\/comments?post=115762"}],"version-history":[{"count":1,"href":"https:\/\/portalmovil.com.ar\/index.php\/wp-json\/wp\/v2\/posts\/115762\/revisions"}],"predecessor-version":[{"id":115764,"href":"https:\/\/portalmovil.com.ar\/index.php\/wp-json\/wp\/v2\/posts\/115762\/revisions\/115764"}],"wp:featuredmedia":[{"embeddable":true,"href":"https:\/\/portalmovil.com.ar\/index.php\/wp-json\/wp\/v2\/media\/115763"}],"wp:attachment":[{"href":"https:\/\/portalmovil.com.ar\/index.php\/wp-json\/wp\/v2\/media?parent=115762"}],"wp:term":[{"taxonomy":"category","embeddable":true,"href":"https:\/\/portalmovil.com.ar\/index.php\/wp-json\/wp\/v2\/categories?post=115762"},{"taxonomy":"post_tag","embeddable":true,"href":"https:\/\/portalmovil.com.ar\/index.php\/wp-json\/wp\/v2\/tags?post=115762"}],"curies":[{"name":"wp","href":"https:\/\/api.w.org\/{rel}","templated":true}]}}