{"id":115759,"date":"2026-01-03T17:02:11","date_gmt":"2026-01-03T20:02:11","guid":{"rendered":"https:\/\/portalmovil.com.ar\/?p=115759"},"modified":"2026-01-03T17:02:12","modified_gmt":"2026-01-03T20:02:12","slug":"cfk-recibio-el-alta-medica-tras-dos-semanas-de-internacion","status":"publish","type":"post","link":"https:\/\/portalmovil.com.ar\/index.php\/2026\/01\/03\/cfk-recibio-el-alta-medica-tras-dos-semanas-de-internacion\/","title":{"rendered":"CFK recibi\u00f3 el alta m\u00e9dica tras dos semanas de internaci\u00f3n"},"content":{"rendered":"\n<p>La ex presidenta de la Naci\u00f3n,\u00a0<strong>Cristina Fern\u00e1ndez de Kirchner<\/strong>, \u00a0recibi\u00f3 el alta m\u00e9dica este s\u00e1bado luego de haber permanecido internada por un cuadro de apendicitis aguda con peritonitis localizada e \u00edleo postoperatorio.<\/p>\n\n\n\n<p>Seg\u00fan inform\u00f3 el Sanatorio Otamendi a trav\u00e9s de un parte m\u00e9dico oficial, la ex mandataria present\u00f3 una evoluci\u00f3n favorable, lo que permiti\u00f3 el retiro del drenaje peritoneal. Adem\u00e1s, se dispuso el inicio de un tratamiento antibi\u00f3tico por v\u00eda oral. El seguimiento de su recuperaci\u00f3n continuar\u00e1 en su domicilio y estar\u00e1 a cargo de su equipo m\u00e9dico personal.<\/p>\n","protected":false},"excerpt":{"rendered":"<p>La ex presidenta de la Naci\u00f3n,\u00a0Cristina Fern\u00e1ndez de Kirchner, \u00a0recibi\u00f3 el alta m\u00e9dica este s\u00e1bado luego de haber permanecido internada por un cuadro de apendicitis aguda con peritonitis localizada e \u00edleo postoperatorio. Seg\u00fan inform\u00f3 el Sanatorio Otamendi a trav\u00e9s de un parte m\u00e9dico oficial, la ex mandataria present\u00f3 una evoluci\u00f3n favorable, lo que permiti\u00f3 el &hellip;<\/p>\n","protected":false},"author":2,"featured_media":115760,"comment_status":"open","ping_status":"open","sticky":false,"template":"","format":"standard","meta":{"_jetpack_memberships_contains_paid_content":false,"footnotes":"","jetpack_publicize_message":"","jetpack_publicize_feature_enabled":true,"jetpack_social_post_already_shared":true,"jetpack_social_options":{"image_generator_settings":{"template":"highway","default_image_id":0,"font":"","enabled":false},"version":2}},"categories":[639,14],"tags":[],"class_list":["post-115759","post","type-post","status-publish","format-standard","has-post-thumbnail","hentry","category-argentina","category-politica"],"jetpack_publicize_connections":[],"jetpack_featured_media_url":"https:\/\/portalmovil.com.ar\/wp-content\/uploads\/2026\/01\/600x400_cristina-fernandez-kirchner-mbito-1118939-135240.webp","jetpack_sharing_enabled":true,"amp_enabled":true,"_links":{"self":[{"href":"https:\/\/portalmovil.com.ar\/index.php\/wp-json\/wp\/v2\/posts\/115759","targetHints":{"allow":["GET"]}}],"collection":[{"href":"https:\/\/portalmovil.com.ar\/index.php\/wp-json\/wp\/v2\/posts"}],"about":[{"href":"https:\/\/portalmovil.com.ar\/index.php\/wp-json\/wp\/v2\/types\/post"}],"author":[{"embeddable":true,"href":"https:\/\/portalmovil.com.ar\/index.php\/wp-json\/wp\/v2\/users\/2"}],"replies":[{"embeddable":true,"href":"https:\/\/portalmovil.com.ar\/index.php\/wp-json\/wp\/v2\/comments?post=115759"}],"version-history":[{"count":1,"href":"https:\/\/portalmovil.com.ar\/index.php\/wp-json\/wp\/v2\/posts\/115759\/revisions"}],"predecessor-version":[{"id":115761,"href":"https:\/\/portalmovil.com.ar\/index.php\/wp-json\/wp\/v2\/posts\/115759\/revisions\/115761"}],"wp:featuredmedia":[{"embeddable":true,"href":"https:\/\/portalmovil.com.ar\/index.php\/wp-json\/wp\/v2\/media\/115760"}],"wp:attachment":[{"href":"https:\/\/portalmovil.com.ar\/index.php\/wp-json\/wp\/v2\/media?parent=115759"}],"wp:term":[{"taxonomy":"category","embeddable":true,"href":"https:\/\/portalmovil.com.ar\/index.php\/wp-json\/wp\/v2\/categories?post=115759"},{"taxonomy":"post_tag","embeddable":true,"href":"https:\/\/portalmovil.com.ar\/index.php\/wp-json\/wp\/v2\/tags?post=115759"}],"curies":[{"name":"wp","href":"https:\/\/api.w.org\/{rel}","templated":true}]}}