{"id":115753,"date":"2026-01-03T13:03:34","date_gmt":"2026-01-03T16:03:34","guid":{"rendered":"https:\/\/portalmovil.com.ar\/?p=115753"},"modified":"2026-01-03T13:03:36","modified_gmt":"2026-01-03T16:03:36","slug":"detuvieron-a-un-joven-por-violar-una-restriccion-perimetral-en-resistencia","status":"publish","type":"post","link":"https:\/\/portalmovil.com.ar\/index.php\/2026\/01\/03\/detuvieron-a-un-joven-por-violar-una-restriccion-perimetral-en-resistencia\/","title":{"rendered":"Detuvieron a un joven por violar una restricci\u00f3n perimetral\u00a0en Resistencia"},"content":{"rendered":"\n<p><strong>Un joven de 18 a\u00f1os fue detenido durante la madrugada de este s\u00e1bado en Resistencia, acusado de desobediencia judicial tras violar una medida de restricci\u00f3n dispuesta en el marco de una causa por violencia de g\u00e9nero.<\/strong><\/p>\n\n\n\n<p>La intervenci\u00f3n se origin\u00f3 a partir de un informe de la Divisi\u00f3n Sistemas de Alerta del Departamento de Violencia Familiar y de G\u00e9nero.<strong>&nbsp;El reporte indic\u00f3 que el joven, quien llevaba un dispositivo electr\u00f3nico dual de control, ingres\u00f3 a la zona de exclusi\u00f3n fijada por la Justicia: se aproxim\u00f3 a menos de 24 metros de la v\u00edctima.<\/strong><\/p>\n\n\n\n<p><a href=\"https:\/\/www.youtube.com\/@datachacostream\/streams\" target=\"_blank\" rel=\"noreferrer noopener\"><\/a><\/p>\n\n\n\n<p><strong>Ante la alerta, el Equipo Fiscal de G\u00e9nero que se encontraba de turno orden\u00f3 su inmediata detenci\u00f3n. Efectivos del Servicio Externo de la Comisar\u00eda S\u00e9ptima iniciaron la b\u00fasqueda y finalmente lo interceptaron en la intersecci\u00f3n de avenida Chaco y Carlos Hardy, mientras caminaba por la v\u00eda p\u00fablica.<\/strong>&nbsp;<\/p>\n\n\n\n<p>El detenido fue trasladado a la Divisi\u00f3n Medicina Legal para los ex\u00e1menes de rigor y luego fue notificado de su situaci\u00f3n procesal. Qued\u00f3 imputado en la causa por presunta desobediencia judicial, con intervenci\u00f3n de la Fiscal\u00eda de G\u00e9nero N.\u00ba 5.<\/p>\n","protected":false},"excerpt":{"rendered":"<p>Un joven de 18 a\u00f1os fue detenido durante la madrugada de este s\u00e1bado en Resistencia, acusado de desobediencia judicial tras violar una medida de restricci\u00f3n dispuesta en el marco de una causa por violencia de g\u00e9nero. La intervenci\u00f3n se origin\u00f3 a partir de un informe de la Divisi\u00f3n Sistemas de Alerta del Departamento de Violencia &hellip;<\/p>\n","protected":false},"author":2,"featured_media":115754,"comment_status":"open","ping_status":"open","sticky":false,"template":"","format":"standard","meta":{"_jetpack_memberships_contains_paid_content":false,"footnotes":"","jetpack_publicize_message":"","jetpack_publicize_feature_enabled":true,"jetpack_social_post_already_shared":true,"jetpack_social_options":{"image_generator_settings":{"template":"highway","default_image_id":0,"font":"","enabled":false},"version":2}},"categories":[8,37],"tags":[],"class_list":["post-115753","post","type-post","status-publish","format-standard","has-post-thumbnail","hentry","category-policiales","category-resistencia"],"jetpack_publicize_connections":[],"jetpack_featured_media_url":"https:\/\/portalmovil.com.ar\/wp-content\/uploads\/2026\/01\/186379w480h270c.png.webp","jetpack_sharing_enabled":true,"amp_enabled":true,"_links":{"self":[{"href":"https:\/\/portalmovil.com.ar\/index.php\/wp-json\/wp\/v2\/posts\/115753","targetHints":{"allow":["GET"]}}],"collection":[{"href":"https:\/\/portalmovil.com.ar\/index.php\/wp-json\/wp\/v2\/posts"}],"about":[{"href":"https:\/\/portalmovil.com.ar\/index.php\/wp-json\/wp\/v2\/types\/post"}],"author":[{"embeddable":true,"href":"https:\/\/portalmovil.com.ar\/index.php\/wp-json\/wp\/v2\/users\/2"}],"replies":[{"embeddable":true,"href":"https:\/\/portalmovil.com.ar\/index.php\/wp-json\/wp\/v2\/comments?post=115753"}],"version-history":[{"count":1,"href":"https:\/\/portalmovil.com.ar\/index.php\/wp-json\/wp\/v2\/posts\/115753\/revisions"}],"predecessor-version":[{"id":115755,"href":"https:\/\/portalmovil.com.ar\/index.php\/wp-json\/wp\/v2\/posts\/115753\/revisions\/115755"}],"wp:featuredmedia":[{"embeddable":true,"href":"https:\/\/portalmovil.com.ar\/index.php\/wp-json\/wp\/v2\/media\/115754"}],"wp:attachment":[{"href":"https:\/\/portalmovil.com.ar\/index.php\/wp-json\/wp\/v2\/media?parent=115753"}],"wp:term":[{"taxonomy":"category","embeddable":true,"href":"https:\/\/portalmovil.com.ar\/index.php\/wp-json\/wp\/v2\/categories?post=115753"},{"taxonomy":"post_tag","embeddable":true,"href":"https:\/\/portalmovil.com.ar\/index.php\/wp-json\/wp\/v2\/tags?post=115753"}],"curies":[{"name":"wp","href":"https:\/\/api.w.org\/{rel}","templated":true}]}}