{"id":115735,"date":"2026-01-03T10:41:41","date_gmt":"2026-01-03T13:41:41","guid":{"rendered":"https:\/\/portalmovil.com.ar\/?p=115735"},"modified":"2026-01-03T10:41:43","modified_gmt":"2026-01-03T13:41:43","slug":"policias-fueron-detenidos-por-provocar-un-desorden-con-arma-de-fuego-en-la-rubita","status":"publish","type":"post","link":"https:\/\/portalmovil.com.ar\/index.php\/2026\/01\/03\/policias-fueron-detenidos-por-provocar-un-desorden-con-arma-de-fuego-en-la-rubita\/","title":{"rendered":"Polic\u00edas fueron detenidos por provocar un desorden con arma de fuego en La Rubita"},"content":{"rendered":"\n<p>Durante la madrugada de este s\u00e1bado en la zona sur de Resistencia,&nbsp;<strong>un hombre de 52 a\u00f1os result\u00f3 herido de arma de fuego y debi\u00f3 ser sometido a una cirug\u00eda de urgencia<\/strong>. El hecho ocurri\u00f3 alrededor de las<strong>&nbsp;4:30<\/strong>&nbsp;sobre avenida Arribalzaga al 4300 y deriv\u00f3 en la aprehensi\u00f3n de cuatro personas, entre ellas dos efectivos de la Polic\u00eda del Chaco.<\/p>\n\n\n\n<p><br>Seg\u00fan la informaci\u00f3n oficial,<strong>&nbsp;la Polic\u00eda tom\u00f3 conocimiento del caso tras el ingreso del herido al Hospital Perrando.<\/strong>&nbsp;La&nbsp;<strong>v\u00edctima<\/strong>, identificada como&nbsp;<strong>W.G.G.<\/strong>, domiciliada en el mismo sector donde ocurri\u00f3 el ataque, presentaba una&nbsp;<strong>herida de bala en el t\u00f3rax<\/strong>, una fractura expuesta en la pierna derecha y lesiones compatibles con perdigones en el muslo izquierdo. Si bien ingres\u00f3 consciente y con signos vitales estables,&nbsp;<strong>fue trasladado de inmediato al quir\u00f3fano, donde se le practic\u00f3 una toracotom\u00eda con rafia pulmonar<\/strong>, colocaci\u00f3n de tubo de drenaje pleural y una intervenci\u00f3n traumatol\u00f3gica por la fractura.<\/p>\n\n\n\n<p><br>En paralelo, personal del Departamento de Investigaciones Complejas, junto a jefes de la Divisi\u00f3n Delitos Contra las Personas, se constituy\u00f3 en el lugar del hecho.<strong>&nbsp;De acuerdo con testimonios recogidos en la zona, momentos antes del ataque el hombre habr\u00eda sido perseguido por varias personas<\/strong>, quienes presuntamente<strong>&nbsp;lo agredieron con machetes y armas de fuego<\/strong>. Los vecinos tambi\u00e9n se\u00f1alaron que<strong>&nbsp;hab\u00eda presencia policial durante el tumulto<\/strong>&nbsp;y que, tras darle alcance a la v\u00edctima, se produjeron golpes, patadas y agresiones con armas blancas.<\/p>\n\n\n\n<p><br>Durante las diligencias en el lugar, efectivos de la comisar\u00eda jurisdiccional realizaron una inspecci\u00f3n ocular con intervenci\u00f3n del ayudante fiscal de feria Gabriel Gaona y personal del Gabinete Cient\u00edfico del Poder Judicial. En ese marco&nbsp;<strong>se secuestraron tres vainas servidas calibre 12, un cartucho sin percutar del mismo calibre, un taco de escopeta y muestras de sangre.<\/strong>&nbsp;Adem\u00e1s,<strong>&nbsp;fueron aprehendidos dos hombres se\u00f1alados por testigos<\/strong>&nbsp;y se tomaron declaraciones a vecinos del sector.<\/p>\n\n\n\n<p><br>Con el avance de la investigaci\u00f3n y tras el \u00faltimo parte m\u00e9dico<strong>, la magistratura interviniente dispuso tambi\u00e9n la aprehensi\u00f3n de dos cabos de Polic\u00eda, identificados como D.O.R.y A.L.E.<\/strong>&nbsp;La medida se tom\u00f3 a partir de las lesiones constatadas y de elementos extra\u00eddos del cuerpo de la v\u00edctima. En ese contexto,<strong>&nbsp;se orden\u00f3 el secuestro de la escopeta policial asignada al m\u00f3vil PL-57, as\u00ed como de las armas reglamentarias de los efectivos involucrados<\/strong>, y se realizaron pruebas de dermotest a todos los implicados.<\/p>\n\n\n\n<p><br>La causa permanece en plena etapa investigativa bajo la car\u00e1tula de supuesta herida con arma de fuego.<strong>&nbsp;No se descarta que en las pr\u00f3ximas horas se dispongan nuevas medidas judiciales a partir del an\u00e1lisis de las pericias<\/strong>, los testimonios recolectados y la evoluci\u00f3n del estado de salud del hombre herido.<\/p>\n","protected":false},"excerpt":{"rendered":"<p>Durante la madrugada de este s\u00e1bado en la zona sur de Resistencia,&nbsp;un hombre de 52 a\u00f1os result\u00f3 herido de arma de fuego y debi\u00f3 ser sometido a una cirug\u00eda de urgencia. El hecho ocurri\u00f3 alrededor de las&nbsp;4:30&nbsp;sobre avenida Arribalzaga al 4300 y deriv\u00f3 en la aprehensi\u00f3n de cuatro personas, entre ellas dos efectivos de la &hellip;<\/p>\n","protected":false},"author":2,"featured_media":115736,"comment_status":"open","ping_status":"open","sticky":false,"template":"","format":"standard","meta":{"_jetpack_memberships_contains_paid_content":false,"footnotes":"","jetpack_publicize_message":"","jetpack_publicize_feature_enabled":true,"jetpack_social_post_already_shared":true,"jetpack_social_options":{"image_generator_settings":{"template":"highway","default_image_id":0,"font":"","enabled":false},"version":2}},"categories":[8,37],"tags":[],"class_list":["post-115735","post","type-post","status-publish","format-standard","has-post-thumbnail","hentry","category-policiales","category-resistencia"],"jetpack_publicize_connections":[],"jetpack_featured_media_url":"https:\/\/portalmovil.com.ar\/wp-content\/uploads\/2026\/01\/IMG-20260103-WA0017.jpg","jetpack_sharing_enabled":true,"amp_enabled":true,"_links":{"self":[{"href":"https:\/\/portalmovil.com.ar\/index.php\/wp-json\/wp\/v2\/posts\/115735","targetHints":{"allow":["GET"]}}],"collection":[{"href":"https:\/\/portalmovil.com.ar\/index.php\/wp-json\/wp\/v2\/posts"}],"about":[{"href":"https:\/\/portalmovil.com.ar\/index.php\/wp-json\/wp\/v2\/types\/post"}],"author":[{"embeddable":true,"href":"https:\/\/portalmovil.com.ar\/index.php\/wp-json\/wp\/v2\/users\/2"}],"replies":[{"embeddable":true,"href":"https:\/\/portalmovil.com.ar\/index.php\/wp-json\/wp\/v2\/comments?post=115735"}],"version-history":[{"count":1,"href":"https:\/\/portalmovil.com.ar\/index.php\/wp-json\/wp\/v2\/posts\/115735\/revisions"}],"predecessor-version":[{"id":115737,"href":"https:\/\/portalmovil.com.ar\/index.php\/wp-json\/wp\/v2\/posts\/115735\/revisions\/115737"}],"wp:featuredmedia":[{"embeddable":true,"href":"https:\/\/portalmovil.com.ar\/index.php\/wp-json\/wp\/v2\/media\/115736"}],"wp:attachment":[{"href":"https:\/\/portalmovil.com.ar\/index.php\/wp-json\/wp\/v2\/media?parent=115735"}],"wp:term":[{"taxonomy":"category","embeddable":true,"href":"https:\/\/portalmovil.com.ar\/index.php\/wp-json\/wp\/v2\/categories?post=115735"},{"taxonomy":"post_tag","embeddable":true,"href":"https:\/\/portalmovil.com.ar\/index.php\/wp-json\/wp\/v2\/tags?post=115735"}],"curies":[{"name":"wp","href":"https:\/\/api.w.org\/{rel}","templated":true}]}}