{"id":115695,"date":"2025-12-31T22:17:55","date_gmt":"2026-01-01T01:17:55","guid":{"rendered":"https:\/\/portalmovil.com.ar\/?p=115695"},"modified":"2025-12-31T22:17:58","modified_gmt":"2026-01-01T01:17:58","slug":"intiman-al-servicio-penitenciario-a-cumplir-un-fallo-firme-sobre-trabajo-y-remuneracion-de-los-presos","status":"publish","type":"post","link":"https:\/\/portalmovil.com.ar\/index.php\/2025\/12\/31\/intiman-al-servicio-penitenciario-a-cumplir-un-fallo-firme-sobre-trabajo-y-remuneracion-de-los-presos\/","title":{"rendered":"Intiman al Servicio Penitenciario a cumplir un fallo firme sobre trabajo y remuneraci\u00f3n de los presos"},"content":{"rendered":"\n<p>Internos denunciaron la reducci\u00f3n indebida del peculio por disminuci\u00f3n de horas laborales y falta de pago de licencias justificadas.<\/p>\n\n\n\n<p>El juez federal Federico Hern\u00e1n Villena, titular del Juzgado Federal en lo Criminal y Correccional N\u00b01 de Lomas de Zamora, intim\u00f3 al Servicio Penitenciario Federal (SPF) a cumplir un fallo judicial firme que ordena liquidar el peculio de las personas privadas de la libertad conforme a la Ley de Contrato de Trabajo, bajo apercibimiento de multas diarias (astreintes) y eventual delito de desobediencia.<\/p>\n","protected":false},"excerpt":{"rendered":"<p>Internos denunciaron la reducci\u00f3n indebida del peculio por disminuci\u00f3n de horas laborales y falta de pago de licencias justificadas. El juez federal Federico Hern\u00e1n Villena, titular del Juzgado Federal en lo Criminal y Correccional N\u00b01 de Lomas de Zamora, intim\u00f3 al Servicio Penitenciario Federal (SPF) a cumplir un fallo judicial firme que ordena liquidar el &hellip;<\/p>\n","protected":false},"author":2,"featured_media":115696,"comment_status":"open","ping_status":"open","sticky":false,"template":"","format":"standard","meta":{"_jetpack_memberships_contains_paid_content":false,"footnotes":"","jetpack_publicize_message":"","jetpack_publicize_feature_enabled":true,"jetpack_social_post_already_shared":true,"jetpack_social_options":{"image_generator_settings":{"template":"highway","default_image_id":0,"font":"","enabled":false},"version":2}},"categories":[50],"tags":[],"class_list":["post-115695","post","type-post","status-publish","format-standard","has-post-thumbnail","hentry","category-judiciales"],"jetpack_publicize_connections":[],"jetpack_featured_media_url":"https:\/\/portalmovil.com.ar\/wp-content\/uploads\/2025\/12\/634717w480h322c.jpg.webp","jetpack_sharing_enabled":true,"amp_enabled":true,"_links":{"self":[{"href":"https:\/\/portalmovil.com.ar\/index.php\/wp-json\/wp\/v2\/posts\/115695","targetHints":{"allow":["GET"]}}],"collection":[{"href":"https:\/\/portalmovil.com.ar\/index.php\/wp-json\/wp\/v2\/posts"}],"about":[{"href":"https:\/\/portalmovil.com.ar\/index.php\/wp-json\/wp\/v2\/types\/post"}],"author":[{"embeddable":true,"href":"https:\/\/portalmovil.com.ar\/index.php\/wp-json\/wp\/v2\/users\/2"}],"replies":[{"embeddable":true,"href":"https:\/\/portalmovil.com.ar\/index.php\/wp-json\/wp\/v2\/comments?post=115695"}],"version-history":[{"count":1,"href":"https:\/\/portalmovil.com.ar\/index.php\/wp-json\/wp\/v2\/posts\/115695\/revisions"}],"predecessor-version":[{"id":115697,"href":"https:\/\/portalmovil.com.ar\/index.php\/wp-json\/wp\/v2\/posts\/115695\/revisions\/115697"}],"wp:featuredmedia":[{"embeddable":true,"href":"https:\/\/portalmovil.com.ar\/index.php\/wp-json\/wp\/v2\/media\/115696"}],"wp:attachment":[{"href":"https:\/\/portalmovil.com.ar\/index.php\/wp-json\/wp\/v2\/media?parent=115695"}],"wp:term":[{"taxonomy":"category","embeddable":true,"href":"https:\/\/portalmovil.com.ar\/index.php\/wp-json\/wp\/v2\/categories?post=115695"},{"taxonomy":"post_tag","embeddable":true,"href":"https:\/\/portalmovil.com.ar\/index.php\/wp-json\/wp\/v2\/tags?post=115695"}],"curies":[{"name":"wp","href":"https:\/\/api.w.org\/{rel}","templated":true}]}}