{"id":11568,"date":"2020-08-21T01:33:58","date_gmt":"2020-08-21T04:33:58","guid":{"rendered":"https:\/\/portalmovil.com.ar\/?p=11568"},"modified":"2020-08-21T01:34:03","modified_gmt":"2020-08-21T04:34:03","slug":"corea-del-sur-prohibe-las-manifestaciones-de-mas-de-10-personas-por-brote-de-covid-19","status":"publish","type":"post","link":"https:\/\/portalmovil.com.ar\/index.php\/2020\/08\/21\/corea-del-sur-prohibe-las-manifestaciones-de-mas-de-10-personas-por-brote-de-covid-19\/","title":{"rendered":"Corea del Sur: proh\u00edbe las manifestaciones de m\u00e1s de 10 personas por brote de COVID-19"},"content":{"rendered":"\n<p>El gobierno metropolitano de Se\u00fal anunci\u00f3 que proh\u00edbe las manifestaciones de m\u00e1s de 10 personas en la capital surcoreana al menos hasta el 30 de agosto debido al gran brote de COVID-19 que afecta a la ciudad.<\/p>\n\n\n\n<p>La medida comenz\u00f3 a regir desde la medianoche de hoy, seg\u00fan explic\u00f3 el gobierno de la ciudad en un comunicado.<\/p>\n\n\n\n<p>El consistorio justifica su decisi\u00f3n recordando que Se\u00fal cuenta con una gran \u00abdensidad de poblaci\u00f3n (unas 16.000 personas por kil\u00f3metro cuadrado) y una gran cantidad de poblaci\u00f3n flotante\u00bb.<\/p>\n\n\n\n<p>El anuncio se produce ante el persistente aumento de casos en la capital surcoreana y despu\u00e9s de celebrarse el pasado s\u00e1bado en el centro de la ciudad una gran manifestaci\u00f3n (unos 10.000 asistentes) a la que acudieron miles de fieles de la Iglesia del Amor M\u00e1ximo.<\/p>\n\n\n\n<p>Esta iglesia presbiteriana es el origen del segundo mayor foco al que se enfrenta actualmente el pa\u00eds asi\u00e1tico con 676 contagios ligados ya al brote.<\/p>\n\n\n\n<p>Por su parte, el director general del Centro para el Control y la Prevenci\u00f3n de Enfermedades Infecciosas de Corea (KCDC), Kwon Jung-wook, dijo en rueda de prensa que ya son 18 las personas no ligadas a la iglesia que aparentemente contrajeron el virus en estas manifestaciones.<\/p>\n\n\n\n<p>A su vez, la Agencia Nacional de Polic\u00eda (NPA) inform\u00f3 que cuatro agentes se contagiaron tambi\u00e9n en estas protestas de grupos conservadores contra el gobierno liberal del presidente Moon Jae-in.<\/p>\n\n\n\n<p>El aumento de casos en Corea del Sur, que report\u00f3 en las ultimas 24hs son 276 nuevos contagios locales (de ellos, 226 en la capital y alrededores) no se est\u00e1 limitando solo a la regi\u00f3n capitalina, ya que otras 15 ciudades y regiones han visto incrementos en los \u00faltimos d\u00edas, debido a transmisiones secundarias ligadas a la Iglesia del Amor M\u00e1ximo o a brotes locales.<\/p>\n\n\n\n<p>Ante el aumento de contagios en la regi\u00f3n capitalina, la semana pasada Se\u00fal y otras zonas colindantes activaron la fase 2 de distanciamiento, que pasa por el cierre de espacios p\u00fablicos y estadios deportivos, la reducci\u00f3n de alumnos en las aulas y la prohibici\u00f3n de reuniones de m\u00e1s de 50 personas en interiores y 100 en exteriores.<\/p>\n\n\n\n<p>Adem\u00e1s, implica el cierre de instalaciones calificadas \u00abde riesgo\u00bb como academias extraescolares con m\u00e1s de 300 alumnos, karaokes o internet caf\u00e9s.<\/p>\n\n\n\n<p>Tambi\u00e9n se han prohibido los servicios religiosos y cualquier actividad presencial ligada a templos e iglesias.<\/p>\n\n\n\n<p>Con 16.346 contagios y 307 fallecidos en total, Corea del Sur es de los pa\u00edses que mejor han controlado la pandemia hasta ahora gracias a su exhaustivo sistema de rastreo de contactos.<\/p>\n\n\n\n<figure class=\"wp-block-image size-large\"><a href=\"https:\/\/portalmovil.com.ar\/index.php\/suscripciones\/\"><img loading=\"lazy\" decoding=\"async\" width=\"1024\" height=\"123\" src=\"https:\/\/portalmovil.com.ar\/wp-content\/uploads\/2020\/08\/suscripciones-PM-1024x123-1-48.png\" alt=\"\" class=\"wp-image-10982\" srcset=\"https:\/\/portalmovil.com.ar\/wp-content\/uploads\/2020\/08\/suscripciones-PM-1024x123-1-48.png 1024w, https:\/\/portalmovil.com.ar\/wp-content\/uploads\/2020\/08\/suscripciones-PM-1024x123-1-48-300x36.png 300w, https:\/\/portalmovil.com.ar\/wp-content\/uploads\/2020\/08\/suscripciones-PM-1024x123-1-48-768x92.png 768w\" sizes=\"auto, (max-width: 1024px) 100vw, 1024px\" \/><\/a><\/figure>\n","protected":false},"excerpt":{"rendered":"<p>El gobierno metropolitano de Se\u00fal anunci\u00f3 que proh\u00edbe las manifestaciones de m\u00e1s de 10 personas en la capital surcoreana al menos hasta el 30 de agosto debido al gran brote de COVID-19 que afecta a la ciudad. La medida comenz\u00f3 a regir desde la medianoche de hoy, seg\u00fan explic\u00f3 el gobierno de la ciudad en &hellip;<\/p>\n","protected":false},"author":2,"featured_media":11569,"comment_status":"open","ping_status":"open","sticky":false,"template":"","format":"standard","meta":{"_jetpack_memberships_contains_paid_content":false,"footnotes":"","jetpack_publicize_message":"","jetpack_publicize_feature_enabled":true,"jetpack_social_post_already_shared":true,"jetpack_social_options":{"image_generator_settings":{"template":"highway","default_image_id":0,"font":"","enabled":false},"version":2}},"categories":[17,12],"tags":[],"class_list":["post-11568","post","type-post","status-publish","format-standard","has-post-thumbnail","hentry","category-mundo","category-ultimo"],"jetpack_publicize_connections":[],"jetpack_featured_media_url":"https:\/\/portalmovil.com.ar\/wp-content\/uploads\/2020\/08\/AFP_1P628O_20200221024503-kFuE-U4736761781545BF-992x558@LaVanguardia-Web.jpg","jetpack_sharing_enabled":true,"amp_enabled":true,"_links":{"self":[{"href":"https:\/\/portalmovil.com.ar\/index.php\/wp-json\/wp\/v2\/posts\/11568","targetHints":{"allow":["GET"]}}],"collection":[{"href":"https:\/\/portalmovil.com.ar\/index.php\/wp-json\/wp\/v2\/posts"}],"about":[{"href":"https:\/\/portalmovil.com.ar\/index.php\/wp-json\/wp\/v2\/types\/post"}],"author":[{"embeddable":true,"href":"https:\/\/portalmovil.com.ar\/index.php\/wp-json\/wp\/v2\/users\/2"}],"replies":[{"embeddable":true,"href":"https:\/\/portalmovil.com.ar\/index.php\/wp-json\/wp\/v2\/comments?post=11568"}],"version-history":[{"count":1,"href":"https:\/\/portalmovil.com.ar\/index.php\/wp-json\/wp\/v2\/posts\/11568\/revisions"}],"predecessor-version":[{"id":11570,"href":"https:\/\/portalmovil.com.ar\/index.php\/wp-json\/wp\/v2\/posts\/11568\/revisions\/11570"}],"wp:featuredmedia":[{"embeddable":true,"href":"https:\/\/portalmovil.com.ar\/index.php\/wp-json\/wp\/v2\/media\/11569"}],"wp:attachment":[{"href":"https:\/\/portalmovil.com.ar\/index.php\/wp-json\/wp\/v2\/media?parent=11568"}],"wp:term":[{"taxonomy":"category","embeddable":true,"href":"https:\/\/portalmovil.com.ar\/index.php\/wp-json\/wp\/v2\/categories?post=11568"},{"taxonomy":"post_tag","embeddable":true,"href":"https:\/\/portalmovil.com.ar\/index.php\/wp-json\/wp\/v2\/tags?post=11568"}],"curies":[{"name":"wp","href":"https:\/\/api.w.org\/{rel}","templated":true}]}}