{"id":115565,"date":"2025-12-26T18:15:19","date_gmt":"2025-12-26T21:15:19","guid":{"rendered":"https:\/\/portalmovil.com.ar\/?p=115565"},"modified":"2025-12-26T18:15:21","modified_gmt":"2025-12-26T21:15:21","slug":"indemnizaran-a-la-madre-del-joven-que-murio-en-el-penal-no-1-durante-la-pandemia","status":"publish","type":"post","link":"https:\/\/portalmovil.com.ar\/index.php\/2025\/12\/26\/indemnizaran-a-la-madre-del-joven-que-murio-en-el-penal-no-1-durante-la-pandemia\/","title":{"rendered":"Indemnizar\u00e1n a la madre del joven que muri\u00f3 en el Penal N\u00ba 1 durante la pandemia"},"content":{"rendered":"\n<p>La Justicia hizo lugar a un reclamo por da\u00f1o material y moral de la madre de un interno que muri\u00f3 a causa de un disparo durante un operativo en el penal en el a\u00f1o 2020. El enfrentamiento que culmin\u00f3 con la vida de Jos\u00e9 Mar\u00eda \u201cKevin\u201d Candia se dio entre internos y fuerzas de seguridad durante la emergencia sanitaria por COVID-19.<\/p>\n\n\n\n<p>La demanda fue presentada a mediados del a\u00f1o 2023 y tramit\u00f3 como juicio por audiencias. Se produjeron numerosas pruebas y se incorporaron tambi\u00e9n pruebas producidas en la causa penal.<\/p>\n\n\n\n<p>El Juzgado con Competencia Administrativa N\u00b0 2 de Corrientes dict\u00f3 sentencia, mediante la cual hizo lugar parcialmente a la demanda presentada por la madre de Jos\u00e9 Mar\u00eda \u201cKevin\u201d Candia, por la muerte ocurrida el 21 de abril de 2020 en la Unidad Penal N\u00ba 1 de Corrientes. El joven falleci\u00f3 en el marco de un enfrentamiento entre internos y fuerzas de seguridad durante la pandemia.<\/p>\n\n\n\n<p>La sentencia atribuy\u00f3 responsabilidad objetiva por falta de servicio al Estado Provincial y orden\u00f3 el pago del da\u00f1o material y el da\u00f1o moral.<\/p>\n","protected":false},"excerpt":{"rendered":"<p>La Justicia hizo lugar a un reclamo por da\u00f1o material y moral de la madre de un interno que muri\u00f3 a causa de un disparo durante un operativo en el penal en el a\u00f1o 2020. El enfrentamiento que culmin\u00f3 con la vida de Jos\u00e9 Mar\u00eda \u201cKevin\u201d Candia se dio entre internos y fuerzas de seguridad &hellip;<\/p>\n","protected":false},"author":2,"featured_media":115566,"comment_status":"open","ping_status":"open","sticky":false,"template":"","format":"standard","meta":{"_jetpack_memberships_contains_paid_content":false,"footnotes":"","jetpack_publicize_message":"","jetpack_publicize_feature_enabled":true,"jetpack_social_post_already_shared":true,"jetpack_social_options":{"image_generator_settings":{"template":"highway","default_image_id":0,"font":"","enabled":false},"version":2}},"categories":[50],"tags":[],"class_list":["post-115565","post","type-post","status-publish","format-standard","has-post-thumbnail","hentry","category-judiciales"],"jetpack_publicize_connections":[],"jetpack_featured_media_url":"https:\/\/portalmovil.com.ar\/wp-content\/uploads\/2025\/12\/G8xpxDIW0AA5sMy.jpg","jetpack_sharing_enabled":true,"amp_enabled":true,"_links":{"self":[{"href":"https:\/\/portalmovil.com.ar\/index.php\/wp-json\/wp\/v2\/posts\/115565","targetHints":{"allow":["GET"]}}],"collection":[{"href":"https:\/\/portalmovil.com.ar\/index.php\/wp-json\/wp\/v2\/posts"}],"about":[{"href":"https:\/\/portalmovil.com.ar\/index.php\/wp-json\/wp\/v2\/types\/post"}],"author":[{"embeddable":true,"href":"https:\/\/portalmovil.com.ar\/index.php\/wp-json\/wp\/v2\/users\/2"}],"replies":[{"embeddable":true,"href":"https:\/\/portalmovil.com.ar\/index.php\/wp-json\/wp\/v2\/comments?post=115565"}],"version-history":[{"count":1,"href":"https:\/\/portalmovil.com.ar\/index.php\/wp-json\/wp\/v2\/posts\/115565\/revisions"}],"predecessor-version":[{"id":115567,"href":"https:\/\/portalmovil.com.ar\/index.php\/wp-json\/wp\/v2\/posts\/115565\/revisions\/115567"}],"wp:featuredmedia":[{"embeddable":true,"href":"https:\/\/portalmovil.com.ar\/index.php\/wp-json\/wp\/v2\/media\/115566"}],"wp:attachment":[{"href":"https:\/\/portalmovil.com.ar\/index.php\/wp-json\/wp\/v2\/media?parent=115565"}],"wp:term":[{"taxonomy":"category","embeddable":true,"href":"https:\/\/portalmovil.com.ar\/index.php\/wp-json\/wp\/v2\/categories?post=115565"},{"taxonomy":"post_tag","embeddable":true,"href":"https:\/\/portalmovil.com.ar\/index.php\/wp-json\/wp\/v2\/tags?post=115565"}],"curies":[{"name":"wp","href":"https:\/\/api.w.org\/{rel}","templated":true}]}}