{"id":115553,"date":"2025-12-26T12:52:44","date_gmt":"2025-12-26T15:52:44","guid":{"rendered":"https:\/\/portalmovil.com.ar\/?p=115553"},"modified":"2025-12-26T12:52:46","modified_gmt":"2025-12-26T15:52:46","slug":"narcos-policias-un-cabo-denuncio-una-cama-de-sus-propios-camaradas","status":"publish","type":"post","link":"https:\/\/portalmovil.com.ar\/index.php\/2025\/12\/26\/narcos-policias-un-cabo-denuncio-una-cama-de-sus-propios-camaradas\/","title":{"rendered":"Narcos Polic\u00edas: un cabo denunci\u00f3 una \u201ccama\u201d de sus propios camaradas"},"content":{"rendered":"\n<p>Uno de los polic\u00edas detenidos por el intento de robo de casi nueve kilos de coca\u00edna durante una quema judicial asegur\u00f3 ante la Justicia que fue v\u00edctima de una trampa tendida por sus propios compa\u00f1eros de fuerza. Se trata del cabo primero Juan Nicol\u00e1s Almir\u00f3n N\u00fa\u00f1ez, integrante de la Direcci\u00f3n General de Consumos Problem\u00e1ticos de la Polic\u00eda del Chaco.<\/p>\n\n\n\n<p><br>La declaraci\u00f3n fue realizada el domingo durante la audiencia de control de legalidad de las detenciones y comunicaci\u00f3n de cargos, que se llev\u00f3 a cabo de manera virtual a trav\u00e9s de la plataforma Zoom, ante la jueza federal de Garant\u00edas Zunilda Niremperger. <\/p>\n\n\n\n<figure class=\"wp-block-image size-large\"><img loading=\"lazy\" decoding=\"async\" width=\"1024\" height=\"576\" src=\"https:\/\/portalmovil.com.ar\/wp-content\/uploads\/2025\/12\/1000738077-1024x576.jpg\" alt=\"\" class=\"wp-image-115555\" srcset=\"https:\/\/portalmovil.com.ar\/wp-content\/uploads\/2025\/12\/1000738077-1024x576.jpg 1024w, https:\/\/portalmovil.com.ar\/wp-content\/uploads\/2025\/12\/1000738077-300x169.jpg 300w, https:\/\/portalmovil.com.ar\/wp-content\/uploads\/2025\/12\/1000738077-768x432.jpg 768w, https:\/\/portalmovil.com.ar\/wp-content\/uploads\/2025\/12\/1000738077-390x220.jpg 390w, https:\/\/portalmovil.com.ar\/wp-content\/uploads\/2025\/12\/1000738077.jpg 1440w\" sizes=\"auto, (max-width: 1024px) 100vw, 1024px\" \/><\/figure>\n\n\n\n<p>En la instancia judicial participaron los defensores de los imputados y la acusaci\u00f3n encabezada por el fiscal federal Patricio Sabadini, junto a la fiscal federal interina Ruth Hilgenberg.<\/p>\n\n\n\n<p><br>Durante su exposici\u00f3n, Almir\u00f3n N\u00fa\u00f1ez neg\u00f3 cualquier participaci\u00f3n en el hecho y ratific\u00f3 su inocencia. Seg\u00fan su testimonio, el \u201cpan\u201d de coca\u00edna hallado dentro de su mochila durante el operativo realizado en Colonia Ben\u00edtez no le pertenec\u00eda y no fue colocado por \u00e9l. El efectivo sostuvo que fue v\u00edctima de una \u201ccama\u201d y que la droga habr\u00eda sido plantada por otros polic\u00edas involucrados en el procedimiento.<\/p>\n\n\n\n<figure class=\"wp-block-image size-full\"><img loading=\"lazy\" decoding=\"async\" width=\"400\" height=\"300\" src=\"https:\/\/portalmovil.com.ar\/wp-content\/uploads\/2025\/12\/1000738076.webp\" alt=\"\" class=\"wp-image-115556\" srcset=\"https:\/\/portalmovil.com.ar\/wp-content\/uploads\/2025\/12\/1000738076.webp 400w, https:\/\/portalmovil.com.ar\/wp-content\/uploads\/2025\/12\/1000738076-300x225.webp 300w\" sizes=\"auto, (max-width: 400px) 100vw, 400px\" \/><\/figure>\n\n\n\n<p><br>La audiencia comenz\u00f3 alrededor de las 17 horas y se extendi\u00f3 hasta cerca de las 23. Adem\u00e1s de Almir\u00f3n N\u00fa\u00f1ez, prestaron declaraci\u00f3n el comisario C\u00e9sar Alegre, el oficial principal Lucas Exequiel Mart\u00ednez, el sargento Gustavo Jes\u00fas Acosta y el cabo N\u00e9stor Ariel Urne Canteros. En tanto, el subcomisario Andr\u00e9s Franco Ram\u00edrez y el cabo Gustavo Andr\u00e9s Quizama optaron por guardar silencio.<\/p>\n\n\n\n<p><br>Todos los imputados negaron los hechos. Sin embargo, una de las declaraciones que gener\u00f3 mayor sorpresa fue la de Urne Canteros, a quien se le encontr\u00f3 una piedra de yeso empaquetada, con caracter\u00edsticas similares a un ladrillo de coca\u00edna. Mientras los investigadores sospechan que el objeto iba a ser utilizado para camuflar la droga durante el il\u00edcito, el acusado afirm\u00f3 que lo utilizaba para afilar herramientas de barber\u00eda, actividad que asegur\u00f3 ejercer de manera paralela a su funci\u00f3n policial.<\/p>\n\n\n\n<p><br>La causa contin\u00faa bajo investigaci\u00f3n en el fuero federal, mientras la Justicia analiza las responsabilidades individuales y la veracidad de las declaraciones realizadas por los efectivos involucrados.<\/p>\n","protected":false},"excerpt":{"rendered":"<p>Uno de los polic\u00edas detenidos por el intento de robo de casi nueve kilos de coca\u00edna durante una quema judicial asegur\u00f3 ante la Justicia que fue v\u00edctima de una trampa tendida por sus propios compa\u00f1eros de fuerza. Se trata del cabo primero Juan Nicol\u00e1s Almir\u00f3n N\u00fa\u00f1ez, integrante de la Direcci\u00f3n General de Consumos Problem\u00e1ticos de &hellip;<\/p>\n","protected":false},"author":2,"featured_media":115554,"comment_status":"open","ping_status":"open","sticky":false,"template":"","format":"standard","meta":{"_jetpack_memberships_contains_paid_content":false,"footnotes":"","jetpack_publicize_message":"","jetpack_publicize_feature_enabled":true,"jetpack_social_post_already_shared":true,"jetpack_social_options":{"image_generator_settings":{"template":"highway","default_image_id":0,"font":"","enabled":false},"version":2}},"categories":[5,50],"tags":[],"class_list":["post-115553","post","type-post","status-publish","format-standard","has-post-thumbnail","hentry","category-chaco","category-judiciales"],"jetpack_publicize_connections":[],"jetpack_featured_media_url":"https:\/\/portalmovil.com.ar\/wp-content\/uploads\/2025\/12\/20251226_123907.png","jetpack_sharing_enabled":true,"amp_enabled":true,"_links":{"self":[{"href":"https:\/\/portalmovil.com.ar\/index.php\/wp-json\/wp\/v2\/posts\/115553","targetHints":{"allow":["GET"]}}],"collection":[{"href":"https:\/\/portalmovil.com.ar\/index.php\/wp-json\/wp\/v2\/posts"}],"about":[{"href":"https:\/\/portalmovil.com.ar\/index.php\/wp-json\/wp\/v2\/types\/post"}],"author":[{"embeddable":true,"href":"https:\/\/portalmovil.com.ar\/index.php\/wp-json\/wp\/v2\/users\/2"}],"replies":[{"embeddable":true,"href":"https:\/\/portalmovil.com.ar\/index.php\/wp-json\/wp\/v2\/comments?post=115553"}],"version-history":[{"count":1,"href":"https:\/\/portalmovil.com.ar\/index.php\/wp-json\/wp\/v2\/posts\/115553\/revisions"}],"predecessor-version":[{"id":115557,"href":"https:\/\/portalmovil.com.ar\/index.php\/wp-json\/wp\/v2\/posts\/115553\/revisions\/115557"}],"wp:featuredmedia":[{"embeddable":true,"href":"https:\/\/portalmovil.com.ar\/index.php\/wp-json\/wp\/v2\/media\/115554"}],"wp:attachment":[{"href":"https:\/\/portalmovil.com.ar\/index.php\/wp-json\/wp\/v2\/media?parent=115553"}],"wp:term":[{"taxonomy":"category","embeddable":true,"href":"https:\/\/portalmovil.com.ar\/index.php\/wp-json\/wp\/v2\/categories?post=115553"},{"taxonomy":"post_tag","embeddable":true,"href":"https:\/\/portalmovil.com.ar\/index.php\/wp-json\/wp\/v2\/tags?post=115553"}],"curies":[{"name":"wp","href":"https:\/\/api.w.org\/{rel}","templated":true}]}}