{"id":115496,"date":"2025-12-22T17:53:18","date_gmt":"2025-12-22T20:53:18","guid":{"rendered":"https:\/\/portalmovil.com.ar\/?p=115496"},"modified":"2025-12-22T17:53:20","modified_gmt":"2025-12-22T20:53:20","slug":"tragedia-en-resistencia-un-hombre-murio-electrocutado-al-intentar-una-conexion-electrica","status":"publish","type":"post","link":"https:\/\/portalmovil.com.ar\/index.php\/2025\/12\/22\/tragedia-en-resistencia-un-hombre-murio-electrocutado-al-intentar-una-conexion-electrica\/","title":{"rendered":"Tragedia en Resistencia: un hombre muri\u00f3 electrocutado al intentar una conexi\u00f3n el\u00e9ctrica"},"content":{"rendered":"\n<p>Un hombre de 56 a\u00f1os muri\u00f3 este lunes por la tarde tras recibir una descarga el\u00e9ctrica mientras realizaba tareas de conexi\u00f3n de cableado en una vivienda del barrio Villa Elba, en la zona sur de Resistencia, en medio del fuerte temporal que afecta a la ciudad. <\/p>\n\n\n\n<p>El hecho ocurri\u00f3 alrededor de las 14.40 y, pese a la intervenci\u00f3n de personal m\u00e9dico y de SECHEEP, se constat\u00f3 el fallecimiento cerca de las 16.30. La fiscal\u00eda orden\u00f3 actuaciones por supuesta muerte dudosa y el traslado del cuerpo al Instituto M\u00e9dico Forense para la autopsia, mientras contin\u00faa la investigaci\u00f3n para esclarecer las circunstancias del tr\u00e1gico episodio.<\/p>\n","protected":false},"excerpt":{"rendered":"<p>Un hombre de 56 a\u00f1os muri\u00f3 este lunes por la tarde tras recibir una descarga el\u00e9ctrica mientras realizaba tareas de conexi\u00f3n de cableado en una vivienda del barrio Villa Elba, en la zona sur de Resistencia, en medio del fuerte temporal que afecta a la ciudad. El hecho ocurri\u00f3 alrededor de las 14.40 y, pese &hellip;<\/p>\n","protected":false},"author":2,"featured_media":115497,"comment_status":"open","ping_status":"open","sticky":false,"template":"","format":"standard","meta":{"_jetpack_memberships_contains_paid_content":false,"footnotes":"","jetpack_publicize_message":"","jetpack_publicize_feature_enabled":true,"jetpack_social_post_already_shared":true,"jetpack_social_options":{"image_generator_settings":{"template":"highway","default_image_id":0,"font":"","enabled":false},"version":2}},"categories":[5,8],"tags":[],"class_list":["post-115496","post","type-post","status-publish","format-standard","has-post-thumbnail","hentry","category-chaco","category-policiales"],"jetpack_publicize_connections":[],"jetpack_featured_media_url":"https:\/\/portalmovil.com.ar\/wp-content\/uploads\/2025\/12\/854_480_xgindx2znav.jpg","jetpack_sharing_enabled":true,"amp_enabled":true,"_links":{"self":[{"href":"https:\/\/portalmovil.com.ar\/index.php\/wp-json\/wp\/v2\/posts\/115496","targetHints":{"allow":["GET"]}}],"collection":[{"href":"https:\/\/portalmovil.com.ar\/index.php\/wp-json\/wp\/v2\/posts"}],"about":[{"href":"https:\/\/portalmovil.com.ar\/index.php\/wp-json\/wp\/v2\/types\/post"}],"author":[{"embeddable":true,"href":"https:\/\/portalmovil.com.ar\/index.php\/wp-json\/wp\/v2\/users\/2"}],"replies":[{"embeddable":true,"href":"https:\/\/portalmovil.com.ar\/index.php\/wp-json\/wp\/v2\/comments?post=115496"}],"version-history":[{"count":1,"href":"https:\/\/portalmovil.com.ar\/index.php\/wp-json\/wp\/v2\/posts\/115496\/revisions"}],"predecessor-version":[{"id":115498,"href":"https:\/\/portalmovil.com.ar\/index.php\/wp-json\/wp\/v2\/posts\/115496\/revisions\/115498"}],"wp:featuredmedia":[{"embeddable":true,"href":"https:\/\/portalmovil.com.ar\/index.php\/wp-json\/wp\/v2\/media\/115497"}],"wp:attachment":[{"href":"https:\/\/portalmovil.com.ar\/index.php\/wp-json\/wp\/v2\/media?parent=115496"}],"wp:term":[{"taxonomy":"category","embeddable":true,"href":"https:\/\/portalmovil.com.ar\/index.php\/wp-json\/wp\/v2\/categories?post=115496"},{"taxonomy":"post_tag","embeddable":true,"href":"https:\/\/portalmovil.com.ar\/index.php\/wp-json\/wp\/v2\/tags?post=115496"}],"curies":[{"name":"wp","href":"https:\/\/api.w.org\/{rel}","templated":true}]}}