{"id":115101,"date":"2025-12-09T16:38:27","date_gmt":"2025-12-09T19:38:27","guid":{"rendered":"https:\/\/portalmovil.com.ar\/?p=115101"},"modified":"2025-12-09T16:38:29","modified_gmt":"2025-12-09T19:38:29","slug":"enrique-varela-fue-elegido-para-presidir-el-stj-del-chaco-desde-2026","status":"publish","type":"post","link":"https:\/\/portalmovil.com.ar\/index.php\/2025\/12\/09\/enrique-varela-fue-elegido-para-presidir-el-stj-del-chaco-desde-2026\/","title":{"rendered":"Enrique Varela fue elegido para presidir el STJ del Chaco desde 2026"},"content":{"rendered":"\n<p>El juez Enrique Varela presidir\u00e1 el Superior Tribunal de Justicia del Chaco en 2026. La jura se llevar\u00e1 a cabo el lunes 22 de diciembre, a las 11, en el sal\u00f3n auditorio del STJ (L\u00f3pez y Planes 215). Ser\u00e1 la primera vez que ejerza ese rol desde su ingreso al cuerpo en octubre de 2023.<\/p>\n\n\n\n<p>As\u00ed qued\u00f3 definido por unanimidad luego del acuerdo extraordinario 42\/25. Adem\u00e1s qued\u00f3 establecido el orden de subrogancias para el a\u00f1o que viene: Iride Isabel Mar\u00eda Grillo, V\u00edctor del R\u00edo, Emilia Valle y Alberto Mario Modi.<\/p>\n","protected":false},"excerpt":{"rendered":"<p>El juez Enrique Varela presidir\u00e1 el Superior Tribunal de Justicia del Chaco en 2026. La jura se llevar\u00e1 a cabo el lunes 22 de diciembre, a las 11, en el sal\u00f3n auditorio del STJ (L\u00f3pez y Planes 215). Ser\u00e1 la primera vez que ejerza ese rol desde su ingreso al cuerpo en octubre de 2023. &hellip;<\/p>\n","protected":false},"author":2,"featured_media":115102,"comment_status":"open","ping_status":"open","sticky":false,"template":"","format":"standard","meta":{"_jetpack_memberships_contains_paid_content":false,"footnotes":"","jetpack_publicize_message":"","jetpack_publicize_feature_enabled":true,"jetpack_social_post_already_shared":true,"jetpack_social_options":{"image_generator_settings":{"template":"highway","default_image_id":0,"font":"","enabled":false},"version":2}},"categories":[5,50],"tags":[],"class_list":["post-115101","post","type-post","status-publish","format-standard","has-post-thumbnail","hentry","category-chaco","category-judiciales"],"jetpack_publicize_connections":[],"jetpack_featured_media_url":"https:\/\/portalmovil.com.ar\/wp-content\/uploads\/2025\/12\/FB_IMG_1765309013804.jpg","jetpack_sharing_enabled":true,"amp_enabled":true,"_links":{"self":[{"href":"https:\/\/portalmovil.com.ar\/index.php\/wp-json\/wp\/v2\/posts\/115101","targetHints":{"allow":["GET"]}}],"collection":[{"href":"https:\/\/portalmovil.com.ar\/index.php\/wp-json\/wp\/v2\/posts"}],"about":[{"href":"https:\/\/portalmovil.com.ar\/index.php\/wp-json\/wp\/v2\/types\/post"}],"author":[{"embeddable":true,"href":"https:\/\/portalmovil.com.ar\/index.php\/wp-json\/wp\/v2\/users\/2"}],"replies":[{"embeddable":true,"href":"https:\/\/portalmovil.com.ar\/index.php\/wp-json\/wp\/v2\/comments?post=115101"}],"version-history":[{"count":1,"href":"https:\/\/portalmovil.com.ar\/index.php\/wp-json\/wp\/v2\/posts\/115101\/revisions"}],"predecessor-version":[{"id":115103,"href":"https:\/\/portalmovil.com.ar\/index.php\/wp-json\/wp\/v2\/posts\/115101\/revisions\/115103"}],"wp:featuredmedia":[{"embeddable":true,"href":"https:\/\/portalmovil.com.ar\/index.php\/wp-json\/wp\/v2\/media\/115102"}],"wp:attachment":[{"href":"https:\/\/portalmovil.com.ar\/index.php\/wp-json\/wp\/v2\/media?parent=115101"}],"wp:term":[{"taxonomy":"category","embeddable":true,"href":"https:\/\/portalmovil.com.ar\/index.php\/wp-json\/wp\/v2\/categories?post=115101"},{"taxonomy":"post_tag","embeddable":true,"href":"https:\/\/portalmovil.com.ar\/index.php\/wp-json\/wp\/v2\/tags?post=115101"}],"curies":[{"name":"wp","href":"https:\/\/api.w.org\/{rel}","templated":true}]}}