{"id":114995,"date":"2025-12-04T14:09:56","date_gmt":"2025-12-04T17:09:56","guid":{"rendered":"https:\/\/portalmovil.com.ar\/?p=114995"},"modified":"2025-12-04T14:09:58","modified_gmt":"2025-12-04T17:09:58","slug":"camara-de-diputados-como-quedo-el-mapa-de-bloques","status":"publish","type":"post","link":"https:\/\/portalmovil.com.ar\/index.php\/2025\/12\/04\/camara-de-diputados-como-quedo-el-mapa-de-bloques\/","title":{"rendered":"C\u00e1mara de Diputados: C\u00f3mo qued\u00f3 el mapa de bloques"},"content":{"rendered":"\n<p>Los \u00faltimos movimientos legislativos dejaron a la C\u00e1mara baja virtualmente partida en dos. Javier Milei logr\u00f3 hacerse de la primera minor\u00eda con un bloque libertario de 95 diputados, superando por dos esca\u00f1os al PJ, que qued\u00f3 con 93 integrantes. Entre ambos polos se ubican los bloques intermedios, que ser\u00e1n determinantes para inclinar la balanza en cada votaci\u00f3n.<\/p>\n\n\n\n<p>El oficialismo, conducido por el presidente de la C\u00e1mara, Mart\u00edn Menem, deber\u00e1 reunir 34 voluntades para alcanzar el n\u00famero necesario que le permita abrir el recinto e imponerse en las votaciones. El PJ, por su parte, necesitar\u00e1 36 votos adicionales. Es un cambio dr\u00e1stico respecto del escenario previo a la renovaci\u00f3n parlamentaria: La Libertad Avanza ten\u00eda entonces 37 diputados y el peronismo 98.<\/p>\n","protected":false},"excerpt":{"rendered":"<p>Los \u00faltimos movimientos legislativos dejaron a la C\u00e1mara baja virtualmente partida en dos. Javier Milei logr\u00f3 hacerse de la primera minor\u00eda con un bloque libertario de 95 diputados, superando por dos esca\u00f1os al PJ, que qued\u00f3 con 93 integrantes. Entre ambos polos se ubican los bloques intermedios, que ser\u00e1n determinantes para inclinar la balanza en &hellip;<\/p>\n","protected":false},"author":2,"featured_media":114996,"comment_status":"open","ping_status":"open","sticky":false,"template":"","format":"standard","meta":{"_jetpack_memberships_contains_paid_content":false,"footnotes":"","jetpack_publicize_message":"","jetpack_publicize_feature_enabled":true,"jetpack_social_post_already_shared":true,"jetpack_social_options":{"image_generator_settings":{"template":"highway","default_image_id":0,"font":"","enabled":false},"version":2}},"categories":[639,14],"tags":[],"class_list":["post-114995","post","type-post","status-publish","format-standard","has-post-thumbnail","hentry","category-argentina","category-politica"],"jetpack_publicize_connections":[],"jetpack_featured_media_url":"https:\/\/portalmovil.com.ar\/wp-content\/uploads\/2025\/12\/Congreso-NuevaCamaraDiputados-Dic2025.jpg","jetpack_sharing_enabled":true,"amp_enabled":true,"_links":{"self":[{"href":"https:\/\/portalmovil.com.ar\/index.php\/wp-json\/wp\/v2\/posts\/114995","targetHints":{"allow":["GET"]}}],"collection":[{"href":"https:\/\/portalmovil.com.ar\/index.php\/wp-json\/wp\/v2\/posts"}],"about":[{"href":"https:\/\/portalmovil.com.ar\/index.php\/wp-json\/wp\/v2\/types\/post"}],"author":[{"embeddable":true,"href":"https:\/\/portalmovil.com.ar\/index.php\/wp-json\/wp\/v2\/users\/2"}],"replies":[{"embeddable":true,"href":"https:\/\/portalmovil.com.ar\/index.php\/wp-json\/wp\/v2\/comments?post=114995"}],"version-history":[{"count":1,"href":"https:\/\/portalmovil.com.ar\/index.php\/wp-json\/wp\/v2\/posts\/114995\/revisions"}],"predecessor-version":[{"id":114997,"href":"https:\/\/portalmovil.com.ar\/index.php\/wp-json\/wp\/v2\/posts\/114995\/revisions\/114997"}],"wp:featuredmedia":[{"embeddable":true,"href":"https:\/\/portalmovil.com.ar\/index.php\/wp-json\/wp\/v2\/media\/114996"}],"wp:attachment":[{"href":"https:\/\/portalmovil.com.ar\/index.php\/wp-json\/wp\/v2\/media?parent=114995"}],"wp:term":[{"taxonomy":"category","embeddable":true,"href":"https:\/\/portalmovil.com.ar\/index.php\/wp-json\/wp\/v2\/categories?post=114995"},{"taxonomy":"post_tag","embeddable":true,"href":"https:\/\/portalmovil.com.ar\/index.php\/wp-json\/wp\/v2\/tags?post=114995"}],"curies":[{"name":"wp","href":"https:\/\/api.w.org\/{rel}","templated":true}]}}