{"id":114975,"date":"2025-12-03T10:56:40","date_gmt":"2025-12-03T13:56:40","guid":{"rendered":"https:\/\/portalmovil.com.ar\/?p=114975"},"modified":"2025-12-03T10:56:43","modified_gmt":"2025-12-03T13:56:43","slug":"buscan-a-elvis-benitez-en-el-barrio-ex-emerenciano-sena","status":"publish","type":"post","link":"https:\/\/portalmovil.com.ar\/index.php\/2025\/12\/03\/buscan-a-elvis-benitez-en-el-barrio-ex-emerenciano-sena\/","title":{"rendered":"Buscan a Elvis Ben\u00edtez en el barrio ex Emerenciano Sena"},"content":{"rendered":"\n<p>En la ma\u00f1ana de este mi\u00e9rcoles<strong>&nbsp;la Polic\u00eda del Chaco despleg\u00f3 un nuevo operativo vinculado al caso de Elvis Ben\u00edtez<\/strong>&nbsp;en el ex barrio Emerenciano Sena, actualmente denominado Papa Francisco. La intervenci\u00f3n se realiz\u00f3<strong>&nbsp;a pocos d\u00edas de que se cumplan ocho a\u00f1os de la desaparici\u00f3n del joven<\/strong>&nbsp;y forma parte de las actuaciones que se mantienen abiertas en la causa.<\/p>\n\n\n\n<p>Desde primeras horas,<strong>&nbsp;m\u00f3viles y efectivos se concentraron en el sector para organizar el trabajo sobre el terreno y ordenar los recorridos por las distintas manzanas del barrio.<\/strong><\/p>\n\n\n\n<p>Seg\u00fan se inform\u00f3,<strong>&nbsp;no se trat\u00f3 de un allanamiento formal sino de un sondeo vecinal<\/strong>. Los polic\u00edas caminaron las calles del barrio con la fotograf\u00eda de Elvis Ben\u00edtez en mano y se acercaron a las viviendas para conversar con los residentes de la zona.&nbsp;<strong>El objetivo fue refrescar la imagen del joven, reconstruir posibles recuerdos y relevar cualquier dato que pudiera haber quedado sin aportar en a\u00f1os anteriores<\/strong>, ya sea sobre su presencia en el lugar, movimientos sospechosos o informaci\u00f3n indirecta que pudiera ayudar a la investigaci\u00f3n.<\/p>\n\n\n\n<p><strong>La intenci\u00f3n fue aprovechar el contacto directo con los vecinos para obtener nuevos elementos<\/strong>, por m\u00ednimos que fueran, que permitan revisar o reorientar l\u00edneas de trabajo.<\/p>\n\n\n\n<p>Este procedimiento se decidi\u00f3 tras las<strong>&nbsp;recientes declaraciones de Gustavo Olivello y de Gloria Romero<\/strong>, que marcaron p\u00fablicamente la&nbsp;<strong>posibilidad de un v\u00ednculo entre Elvis Ben\u00edtez y C\u00e9sar Sena<\/strong>, principal condenado por el homicidio de Cecilia Strzyzowski.<\/p>\n\n\n\n<p>Esas manifestaciones reactivaron el inter\u00e9s sobre ciertos \u00e1mbitos y nombres vinculados al ex barrio Emerenciano Sena, lo que deriv\u00f3 en la planificaci\u00f3n de este operativo espec\u00edfico.&nbsp;<strong>Est\u00e1 previsto que la presencia policial y las tareas de relevamiento se extiendan durante toda la ma\u00f1ana de este mi\u00e9rcoles<\/strong>, con el compromiso de incorporar de inmediato al expediente cualquier aporte que surja del di\u00e1logo con los habitantes del barrio Papa Francisco.<\/p>\n","protected":false},"excerpt":{"rendered":"<p>En la ma\u00f1ana de este mi\u00e9rcoles&nbsp;la Polic\u00eda del Chaco despleg\u00f3 un nuevo operativo vinculado al caso de Elvis Ben\u00edtez&nbsp;en el ex barrio Emerenciano Sena, actualmente denominado Papa Francisco. La intervenci\u00f3n se realiz\u00f3&nbsp;a pocos d\u00edas de que se cumplan ocho a\u00f1os de la desaparici\u00f3n del joven&nbsp;y forma parte de las actuaciones que se mantienen abiertas en &hellip;<\/p>\n","protected":false},"author":2,"featured_media":114976,"comment_status":"open","ping_status":"open","sticky":false,"template":"","format":"standard","meta":{"_jetpack_memberships_contains_paid_content":false,"footnotes":"","jetpack_publicize_message":"","jetpack_publicize_feature_enabled":true,"jetpack_social_post_already_shared":true,"jetpack_social_options":{"image_generator_settings":{"template":"highway","default_image_id":0,"font":"","enabled":false},"version":2}},"categories":[5,8],"tags":[],"class_list":["post-114975","post","type-post","status-publish","format-standard","has-post-thumbnail","hentry","category-chaco","category-policiales"],"jetpack_publicize_connections":[],"jetpack_featured_media_url":"https:\/\/portalmovil.com.ar\/wp-content\/uploads\/2025\/12\/1764770120624.jpg","jetpack_sharing_enabled":true,"amp_enabled":true,"_links":{"self":[{"href":"https:\/\/portalmovil.com.ar\/index.php\/wp-json\/wp\/v2\/posts\/114975","targetHints":{"allow":["GET"]}}],"collection":[{"href":"https:\/\/portalmovil.com.ar\/index.php\/wp-json\/wp\/v2\/posts"}],"about":[{"href":"https:\/\/portalmovil.com.ar\/index.php\/wp-json\/wp\/v2\/types\/post"}],"author":[{"embeddable":true,"href":"https:\/\/portalmovil.com.ar\/index.php\/wp-json\/wp\/v2\/users\/2"}],"replies":[{"embeddable":true,"href":"https:\/\/portalmovil.com.ar\/index.php\/wp-json\/wp\/v2\/comments?post=114975"}],"version-history":[{"count":1,"href":"https:\/\/portalmovil.com.ar\/index.php\/wp-json\/wp\/v2\/posts\/114975\/revisions"}],"predecessor-version":[{"id":114977,"href":"https:\/\/portalmovil.com.ar\/index.php\/wp-json\/wp\/v2\/posts\/114975\/revisions\/114977"}],"wp:featuredmedia":[{"embeddable":true,"href":"https:\/\/portalmovil.com.ar\/index.php\/wp-json\/wp\/v2\/media\/114976"}],"wp:attachment":[{"href":"https:\/\/portalmovil.com.ar\/index.php\/wp-json\/wp\/v2\/media?parent=114975"}],"wp:term":[{"taxonomy":"category","embeddable":true,"href":"https:\/\/portalmovil.com.ar\/index.php\/wp-json\/wp\/v2\/categories?post=114975"},{"taxonomy":"post_tag","embeddable":true,"href":"https:\/\/portalmovil.com.ar\/index.php\/wp-json\/wp\/v2\/tags?post=114975"}],"curies":[{"name":"wp","href":"https:\/\/api.w.org\/{rel}","templated":true}]}}