{"id":114966,"date":"2025-12-03T10:20:20","date_gmt":"2025-12-03T13:20:20","guid":{"rendered":"https:\/\/portalmovil.com.ar\/?p=114966"},"modified":"2025-12-03T10:20:22","modified_gmt":"2025-12-03T13:20:22","slug":"encontraron-sin-vida-al-agresor-detenido-por-herir-a-su-ex-con-una-trincheta-en-saenz-pena","status":"publish","type":"post","link":"https:\/\/portalmovil.com.ar\/index.php\/2025\/12\/03\/encontraron-sin-vida-al-agresor-detenido-por-herir-a-su-ex-con-una-trincheta-en-saenz-pena\/","title":{"rendered":"Encontraron sin vida al agresor detenido por herir a su ex con una trincheta en S\u00e1enz Pe\u00f1a"},"content":{"rendered":"\n<p>El hombre de 55 a\u00f1os, que estaba acusado de&nbsp;<a href=\"https:\/\/www.datachaco.com\/635174-violento-intento-de-femicidio-en-saenz-pena-su-expareja-la-ataco-con-una-trincheta\" target=\"_blank\" rel=\"noreferrer noopener\">atacar con una trincheta a su expareja en pleno centro de S\u00e1enz Pe\u00f1a<\/a><strong>lo encontraron sin vida dentro de una celda de la Comisar\u00eda Primera, donde fue alojado desde el s\u00e1bado a la madrugada.<\/strong>&nbsp;&nbsp;En ese marco, la Fiscal\u00eda de Investigaci\u00f3n Penal N.\u00ba 4 investiga las circunstancias del fallecimiento y contin\u00faa con las actuaciones por el violento episodio que deriv\u00f3 en su detenci\u00f3n.<\/p>\n\n\n\n<p>Seg\u00fan el informe policial, este mi\u00e9rcoles por la ma\u00f1ana,&nbsp;<strong>el hombre fue encontrado muerto por su compa\u00f1ero de celda. Lo hall\u00f3 sin signos vitales, con el rostro cubierto por una almohada.<\/strong>&nbsp;De inmediato se dio intervenci\u00f3n a la Fiscal\u00eda, que dispuso medidas periciales y recolect\u00f3 testimonios para determinar c\u00f3mo se produjo la muerte.<\/p>\n\n\n\n<p><a href=\"https:\/\/www.youtube.com\/@datachacostream\/streams\" target=\"_blank\" rel=\"noreferrer noopener\"><\/a><\/p>\n\n\n\n<p>Mientras se avanza en esa l\u00ednea de investigaci\u00f3n, la Justicia tambi\u00e9n analiza nuevos elementos incorporados al expediente del ataque.<\/p>\n\n\n\n<p>El sospechoso fue identificado como H.E.V., de 55 a\u00f1os, quien se hab\u00eda presentado voluntariamente el pasado s\u00e1bado por la ma\u00f1ana en la guardia de prevenci\u00f3n de la Comisar\u00eda Cuarta. All\u00ed qued\u00f3 aprehendido por orden del fiscal Gustavo Valero, imputado en una causa por&nbsp;\u00absupuesto homicidio en grado de tentativa en contexto de violencia de g\u00e9nero\u00bb.<\/p>\n\n\n\n<h2 class=\"wp-block-heading\">Un intento de femicidio que conmocion\u00f3 a la ciudad<\/h2>\n\n\n\n<p>El violento episodio ocurri\u00f3 el viernes por la noche, alrededor de las 20.20, en calle 13 entre 4 y 6, en plena v\u00eda p\u00fablica.&nbsp;<strong>La v\u00edctima, una mujer de 55 a\u00f1os, fue sorprendida por su expareja, quien la atac\u00f3 con una trincheta y huy\u00f3 inmediatamente.<\/strong><\/p>\n","protected":false},"excerpt":{"rendered":"<p>El hombre de 55 a\u00f1os, que estaba acusado de&nbsp;atacar con una trincheta a su expareja en pleno centro de S\u00e1enz Pe\u00f1alo encontraron sin vida dentro de una celda de la Comisar\u00eda Primera, donde fue alojado desde el s\u00e1bado a la madrugada.&nbsp;&nbsp;En ese marco, la Fiscal\u00eda de Investigaci\u00f3n Penal N.\u00ba 4 investiga las circunstancias del fallecimiento &hellip;<\/p>\n","protected":false},"author":2,"featured_media":114893,"comment_status":"open","ping_status":"open","sticky":false,"template":"","format":"standard","meta":{"_jetpack_memberships_contains_paid_content":false,"footnotes":"","jetpack_publicize_message":"","jetpack_publicize_feature_enabled":true,"jetpack_social_post_already_shared":true,"jetpack_social_options":{"image_generator_settings":{"template":"highway","default_image_id":0,"font":"","enabled":false},"version":2}},"categories":[5,8],"tags":[],"class_list":["post-114966","post","type-post","status-publish","format-standard","has-post-thumbnail","hentry","category-chaco","category-policiales"],"jetpack_publicize_connections":[],"jetpack_featured_media_url":"https:\/\/portalmovil.com.ar\/wp-content\/uploads\/2025\/11\/1764433654587.jpg","jetpack_sharing_enabled":true,"amp_enabled":true,"_links":{"self":[{"href":"https:\/\/portalmovil.com.ar\/index.php\/wp-json\/wp\/v2\/posts\/114966","targetHints":{"allow":["GET"]}}],"collection":[{"href":"https:\/\/portalmovil.com.ar\/index.php\/wp-json\/wp\/v2\/posts"}],"about":[{"href":"https:\/\/portalmovil.com.ar\/index.php\/wp-json\/wp\/v2\/types\/post"}],"author":[{"embeddable":true,"href":"https:\/\/portalmovil.com.ar\/index.php\/wp-json\/wp\/v2\/users\/2"}],"replies":[{"embeddable":true,"href":"https:\/\/portalmovil.com.ar\/index.php\/wp-json\/wp\/v2\/comments?post=114966"}],"version-history":[{"count":1,"href":"https:\/\/portalmovil.com.ar\/index.php\/wp-json\/wp\/v2\/posts\/114966\/revisions"}],"predecessor-version":[{"id":114967,"href":"https:\/\/portalmovil.com.ar\/index.php\/wp-json\/wp\/v2\/posts\/114966\/revisions\/114967"}],"wp:featuredmedia":[{"embeddable":true,"href":"https:\/\/portalmovil.com.ar\/index.php\/wp-json\/wp\/v2\/media\/114893"}],"wp:attachment":[{"href":"https:\/\/portalmovil.com.ar\/index.php\/wp-json\/wp\/v2\/media?parent=114966"}],"wp:term":[{"taxonomy":"category","embeddable":true,"href":"https:\/\/portalmovil.com.ar\/index.php\/wp-json\/wp\/v2\/categories?post=114966"},{"taxonomy":"post_tag","embeddable":true,"href":"https:\/\/portalmovil.com.ar\/index.php\/wp-json\/wp\/v2\/tags?post=114966"}],"curies":[{"name":"wp","href":"https:\/\/api.w.org\/{rel}","templated":true}]}}