{"id":114942,"date":"2025-12-01T20:36:53","date_gmt":"2025-12-01T23:36:53","guid":{"rendered":"https:\/\/portalmovil.com.ar\/?p=114942"},"modified":"2025-12-01T20:36:56","modified_gmt":"2025-12-01T23:36:56","slug":"pio-sander-renuncio-a-asumir-su-banca-como-diputado","status":"publish","type":"post","link":"https:\/\/portalmovil.com.ar\/index.php\/2025\/12\/01\/pio-sander-renuncio-a-asumir-su-banca-como-diputado\/","title":{"rendered":"P\u00edo Sander renunci\u00f3 a asumir su banca como diputado"},"content":{"rendered":"\n<p>En medio de la sesi\u00f3n preparatoria que se est\u00e1 llevando adelante este lunes en la C\u00e1mara de Diputados del Chaco, se conoci\u00f3 una noticia que alter\u00f3 el inicio del encuentro legislativo: P\u00edo Sander, intendente de Juan Jos\u00e9 Castelli y diputado provincial electo por el frente Chaco Merece M\u00e1s, renunci\u00f3 a asumir la banca que deb\u00eda ocupar a partir del 10 de diciembre.<\/p>\n\n\n\n<p>Aunque en los \u00faltimos d\u00edas se manejaba la posibilidad de que Sander desistiera de su ingreso al Parlamento, nada estaba confirmado. La oficializaci\u00f3n de la renuncia, conocida minutos despu\u00e9s de iniciada la sesi\u00f3n, gener\u00f3 sorpresa. De hecho, el jefe Comunal ni siquiera participa del encuentro de hoy.<\/p>\n\n\n\n<p>Con Sander fuera de la n\u00f3mina de legisladores que jurar\u00e1n este lunes, su lugar ser\u00eda ocupado por Lucas Nass, dirigente peronista del interior provincial que figuraba como siguiente candidato en la lista de Chaco Merece M\u00e1s. Nass deber\u00e1 completar los pasos reglamentarios para ser incorporado en la misma sesi\u00f3n preparatoria en la que se definir\u00e1 la integraci\u00f3n de la C\u00e1mara para el nuevo periodo legislativo.<\/p>\n\n\n\n<p><\/p>\n","protected":false},"excerpt":{"rendered":"<p>En medio de la sesi\u00f3n preparatoria que se est\u00e1 llevando adelante este lunes en la C\u00e1mara de Diputados del Chaco, se conoci\u00f3 una noticia que alter\u00f3 el inicio del encuentro legislativo: P\u00edo Sander, intendente de Juan Jos\u00e9 Castelli y diputado provincial electo por el frente Chaco Merece M\u00e1s, renunci\u00f3 a asumir la banca que deb\u00eda &hellip;<\/p>\n","protected":false},"author":2,"featured_media":114943,"comment_status":"open","ping_status":"open","sticky":false,"template":"","format":"standard","meta":{"_jetpack_memberships_contains_paid_content":false,"footnotes":"","jetpack_publicize_message":"","jetpack_publicize_feature_enabled":true,"jetpack_social_post_already_shared":true,"jetpack_social_options":{"image_generator_settings":{"template":"highway","default_image_id":0,"font":"","enabled":false},"version":2}},"categories":[5,14],"tags":[],"class_list":["post-114942","post","type-post","status-publish","format-standard","has-post-thumbnail","hentry","category-chaco","category-politica"],"jetpack_publicize_connections":[],"jetpack_featured_media_url":"https:\/\/portalmovil.com.ar\/wp-content\/uploads\/2025\/12\/PIO-SANDERS.jpg","jetpack_sharing_enabled":true,"amp_enabled":true,"_links":{"self":[{"href":"https:\/\/portalmovil.com.ar\/index.php\/wp-json\/wp\/v2\/posts\/114942","targetHints":{"allow":["GET"]}}],"collection":[{"href":"https:\/\/portalmovil.com.ar\/index.php\/wp-json\/wp\/v2\/posts"}],"about":[{"href":"https:\/\/portalmovil.com.ar\/index.php\/wp-json\/wp\/v2\/types\/post"}],"author":[{"embeddable":true,"href":"https:\/\/portalmovil.com.ar\/index.php\/wp-json\/wp\/v2\/users\/2"}],"replies":[{"embeddable":true,"href":"https:\/\/portalmovil.com.ar\/index.php\/wp-json\/wp\/v2\/comments?post=114942"}],"version-history":[{"count":1,"href":"https:\/\/portalmovil.com.ar\/index.php\/wp-json\/wp\/v2\/posts\/114942\/revisions"}],"predecessor-version":[{"id":114944,"href":"https:\/\/portalmovil.com.ar\/index.php\/wp-json\/wp\/v2\/posts\/114942\/revisions\/114944"}],"wp:featuredmedia":[{"embeddable":true,"href":"https:\/\/portalmovil.com.ar\/index.php\/wp-json\/wp\/v2\/media\/114943"}],"wp:attachment":[{"href":"https:\/\/portalmovil.com.ar\/index.php\/wp-json\/wp\/v2\/media?parent=114942"}],"wp:term":[{"taxonomy":"category","embeddable":true,"href":"https:\/\/portalmovil.com.ar\/index.php\/wp-json\/wp\/v2\/categories?post=114942"},{"taxonomy":"post_tag","embeddable":true,"href":"https:\/\/portalmovil.com.ar\/index.php\/wp-json\/wp\/v2\/tags?post=114942"}],"curies":[{"name":"wp","href":"https:\/\/api.w.org\/{rel}","templated":true}]}}