{"id":114936,"date":"2025-12-01T17:48:34","date_gmt":"2025-12-01T20:48:34","guid":{"rendered":"https:\/\/portalmovil.com.ar\/?p=114936"},"modified":"2025-12-01T17:48:36","modified_gmt":"2025-12-01T20:48:36","slug":"barranqueras-tiene-nuevo-intendente-tras-la-salida-de-magda-ayala","status":"publish","type":"post","link":"https:\/\/portalmovil.com.ar\/index.php\/2025\/12\/01\/barranqueras-tiene-nuevo-intendente-tras-la-salida-de-magda-ayala\/","title":{"rendered":"Barranqueras tiene nuevo intendente tras la salida de Magda Ayala"},"content":{"rendered":"\n<p>Roberto Ben\u00edtez jur\u00f3 como nuevo intendente interino de Barranqueras, en reemplazo de Magda Ayala, quien asume este lunes su banca en la C\u00e1mara de Diputados de Chaco. La sesi\u00f3n especial se realiz\u00f3 en la sede del Concejo Municipal.<\/p>\n\n\n\n<p>Adem\u00e1s de Ben\u00edtez, Gilda Santa Cruz jur\u00f3 como presidente del Concejo y Carlos Gabriel Maidana como vicepresidente segundo. Adem\u00e1s, se incorpor\u00f3 el concejal electo Miguel \u00c1ngel Ojeda, quien prest\u00f3 juramento e ingres\u00f3 oficialmente al cuerpo legislativo.<\/p>\n","protected":false},"excerpt":{"rendered":"<p>Roberto Ben\u00edtez jur\u00f3 como nuevo intendente interino de Barranqueras, en reemplazo de Magda Ayala, quien asume este lunes su banca en la C\u00e1mara de Diputados de Chaco. La sesi\u00f3n especial se realiz\u00f3 en la sede del Concejo Municipal. Adem\u00e1s de Ben\u00edtez, Gilda Santa Cruz jur\u00f3 como presidente del Concejo y Carlos Gabriel Maidana como vicepresidente &hellip;<\/p>\n","protected":false},"author":2,"featured_media":114937,"comment_status":"open","ping_status":"open","sticky":false,"template":"","format":"standard","meta":{"_jetpack_memberships_contains_paid_content":false,"footnotes":"","jetpack_publicize_message":"","jetpack_publicize_feature_enabled":true,"jetpack_social_post_already_shared":true,"jetpack_social_options":{"image_generator_settings":{"template":"highway","default_image_id":0,"font":"","enabled":false},"version":2}},"categories":[5,14],"tags":[],"class_list":["post-114936","post","type-post","status-publish","format-standard","has-post-thumbnail","hentry","category-chaco","category-politica"],"jetpack_publicize_connections":[],"jetpack_featured_media_url":"https:\/\/portalmovil.com.ar\/wp-content\/uploads\/2025\/12\/FB_IMG_1764621737232.jpg","jetpack_sharing_enabled":true,"amp_enabled":true,"_links":{"self":[{"href":"https:\/\/portalmovil.com.ar\/index.php\/wp-json\/wp\/v2\/posts\/114936","targetHints":{"allow":["GET"]}}],"collection":[{"href":"https:\/\/portalmovil.com.ar\/index.php\/wp-json\/wp\/v2\/posts"}],"about":[{"href":"https:\/\/portalmovil.com.ar\/index.php\/wp-json\/wp\/v2\/types\/post"}],"author":[{"embeddable":true,"href":"https:\/\/portalmovil.com.ar\/index.php\/wp-json\/wp\/v2\/users\/2"}],"replies":[{"embeddable":true,"href":"https:\/\/portalmovil.com.ar\/index.php\/wp-json\/wp\/v2\/comments?post=114936"}],"version-history":[{"count":1,"href":"https:\/\/portalmovil.com.ar\/index.php\/wp-json\/wp\/v2\/posts\/114936\/revisions"}],"predecessor-version":[{"id":114938,"href":"https:\/\/portalmovil.com.ar\/index.php\/wp-json\/wp\/v2\/posts\/114936\/revisions\/114938"}],"wp:featuredmedia":[{"embeddable":true,"href":"https:\/\/portalmovil.com.ar\/index.php\/wp-json\/wp\/v2\/media\/114937"}],"wp:attachment":[{"href":"https:\/\/portalmovil.com.ar\/index.php\/wp-json\/wp\/v2\/media?parent=114936"}],"wp:term":[{"taxonomy":"category","embeddable":true,"href":"https:\/\/portalmovil.com.ar\/index.php\/wp-json\/wp\/v2\/categories?post=114936"},{"taxonomy":"post_tag","embeddable":true,"href":"https:\/\/portalmovil.com.ar\/index.php\/wp-json\/wp\/v2\/tags?post=114936"}],"curies":[{"name":"wp","href":"https:\/\/api.w.org\/{rel}","templated":true}]}}