{"id":114921,"date":"2025-12-01T10:47:01","date_gmt":"2025-12-01T13:47:01","guid":{"rendered":"https:\/\/portalmovil.com.ar\/?p=114921"},"modified":"2025-12-01T10:48:07","modified_gmt":"2025-12-01T13:48:07","slug":"carlos-barraza-seria-condenado-a-10-anos-por-robar-al-estado-chaqueno","status":"publish","type":"post","link":"https:\/\/portalmovil.com.ar\/index.php\/2025\/12\/01\/carlos-barraza-seria-condenado-a-10-anos-por-robar-al-estado-chaqueno\/","title":{"rendered":"Carlos Barraza ser\u00eda condenado a 10 a\u00f1os por robar al estado chaque\u00f1o"},"content":{"rendered":"\n<p><strong>Carlos Iv\u00e1n Barraza<\/strong>&nbsp;, dirigente social y creador del&nbsp;<strong>Movimiento Trabajadores y Humildes<\/strong>&nbsp;(MTH), est\u00e1 acusado de m\u00faltiples hechos de&nbsp;<strong>defraudaci\u00f3n contra el Estado<\/strong>&nbsp;. Enfrenta cargos por treinta hechos de fraude contra la administraci\u00f3n p\u00fablica y cuatro de peculado de bienes y servicios.<\/p>\n\n\n\n<p>Seg\u00fan la investigaci\u00f3n, entre 2022 y diciembre de 2023, en su rol de presidente de la Asociaci\u00f3n Civil Humildad, habr\u00eda desviado fondos provenientes del Instituto de Agricultura Familiar y Econom\u00eda Popular (Iafep) y de Loter\u00eda Chaque\u00f1a. Desde enero de 2024, Barraza permanece detenido en el Complejo Penitenciario I de Villa Barber\u00e1n y el tribunal que lo juzga lo integran Glenda Vidarte, Natalia Kuray y Julieta Dansey, con la participaci\u00f3n del fiscal de C\u00e1mara Sergio C\u00e1ceres Olivera.<\/p>\n\n\n\n<p>Uno de los ejes de la causa es un supuesto emprendimiento pesquero en Puerto Eva Per\u00f3n, se\u00f1alado como pantalla para canalizar recursos del Ministerio de Desarrollo Social. Durante los allanamientos se incautaron 48 bicicletas, juguetes, materiales escolares y una camioneta perteneciente a la Polic\u00eda del Chaco, lo que refuerza la hip\u00f3tesis de un uso discrecional de recursos estatales con fines personales o clientelares.<\/p>\n\n\n\n<p>En la audiencia, el fiscal de C\u00e1mara C\u00e1ceres Olivera y el abogado querellante por el Estado, Sergio Funes, solicitaron diez a\u00f1os de prisi\u00f3n para Barraza. Adem\u00e1s, C\u00e1ceres Olivera pidi\u00f3 que se investigue al padre del imputado, tambi\u00e9n llamado Carlos, quien trabajaba en Sameep. Por su parte, el defensor Daniel Vilchez reclam\u00f3 la absoluci\u00f3n o, en su defecto, la pena m\u00ednima con beneficio de prisi\u00f3n domiciliaria.<\/p>\n\n\n\n<p>El proceso, iniciado en julio, se desarroll\u00f3 bajo estrictas medidas de confidencialidad debido a la participaci\u00f3n de casi treinta testigos protegidos. En el transcurso de las audiencias incluso se orden\u00f3 la detenci\u00f3n de un testigo por falso testimonio.<\/p>\n\n\n\n<p>De todas maneras, el acusado estuvo dos d\u00edas detenido y luego recuper\u00f3 la libertad. El fallo se dar\u00e1 a conocer el pr\u00f3ximom viernes 5 de diciembre, que podr\u00eda condenar a Barraza.\u00a0<\/p>\n","protected":false},"excerpt":{"rendered":"<p>Carlos Iv\u00e1n Barraza&nbsp;, dirigente social y creador del&nbsp;Movimiento Trabajadores y Humildes&nbsp;(MTH), est\u00e1 acusado de m\u00faltiples hechos de&nbsp;defraudaci\u00f3n contra el Estado&nbsp;. Enfrenta cargos por treinta hechos de fraude contra la administraci\u00f3n p\u00fablica y cuatro de peculado de bienes y servicios. Seg\u00fan la investigaci\u00f3n, entre 2022 y diciembre de 2023, en su rol de presidente de la &hellip;<\/p>\n","protected":false},"author":2,"featured_media":114923,"comment_status":"open","ping_status":"open","sticky":false,"template":"","format":"standard","meta":{"_jetpack_memberships_contains_paid_content":false,"footnotes":"","jetpack_publicize_message":"","jetpack_publicize_feature_enabled":true,"jetpack_social_post_already_shared":true,"jetpack_social_options":{"image_generator_settings":{"template":"highway","default_image_id":0,"font":"","enabled":false},"version":2}},"categories":[5,50],"tags":[],"class_list":["post-114921","post","type-post","status-publish","format-standard","has-post-thumbnail","hentry","category-chaco","category-judiciales"],"jetpack_publicize_connections":[],"jetpack_featured_media_url":"https:\/\/portalmovil.com.ar\/wp-content\/uploads\/2025\/12\/wj_COy6Lmw_720x0__1.jpg","jetpack_sharing_enabled":true,"amp_enabled":true,"_links":{"self":[{"href":"https:\/\/portalmovil.com.ar\/index.php\/wp-json\/wp\/v2\/posts\/114921","targetHints":{"allow":["GET"]}}],"collection":[{"href":"https:\/\/portalmovil.com.ar\/index.php\/wp-json\/wp\/v2\/posts"}],"about":[{"href":"https:\/\/portalmovil.com.ar\/index.php\/wp-json\/wp\/v2\/types\/post"}],"author":[{"embeddable":true,"href":"https:\/\/portalmovil.com.ar\/index.php\/wp-json\/wp\/v2\/users\/2"}],"replies":[{"embeddable":true,"href":"https:\/\/portalmovil.com.ar\/index.php\/wp-json\/wp\/v2\/comments?post=114921"}],"version-history":[{"count":1,"href":"https:\/\/portalmovil.com.ar\/index.php\/wp-json\/wp\/v2\/posts\/114921\/revisions"}],"predecessor-version":[{"id":114922,"href":"https:\/\/portalmovil.com.ar\/index.php\/wp-json\/wp\/v2\/posts\/114921\/revisions\/114922"}],"wp:featuredmedia":[{"embeddable":true,"href":"https:\/\/portalmovil.com.ar\/index.php\/wp-json\/wp\/v2\/media\/114923"}],"wp:attachment":[{"href":"https:\/\/portalmovil.com.ar\/index.php\/wp-json\/wp\/v2\/media?parent=114921"}],"wp:term":[{"taxonomy":"category","embeddable":true,"href":"https:\/\/portalmovil.com.ar\/index.php\/wp-json\/wp\/v2\/categories?post=114921"},{"taxonomy":"post_tag","embeddable":true,"href":"https:\/\/portalmovil.com.ar\/index.php\/wp-json\/wp\/v2\/tags?post=114921"}],"curies":[{"name":"wp","href":"https:\/\/api.w.org\/{rel}","templated":true}]}}