{"id":114907,"date":"2025-11-30T17:20:03","date_gmt":"2025-11-30T20:20:03","guid":{"rendered":"https:\/\/portalmovil.com.ar\/?p=114907"},"modified":"2025-11-30T17:20:05","modified_gmt":"2025-11-30T20:20:05","slug":"encuentran-a-un-hombre-sin-vida-dentro-de-su-vivienda-en-charata","status":"publish","type":"post","link":"https:\/\/portalmovil.com.ar\/index.php\/2025\/11\/30\/encuentran-a-un-hombre-sin-vida-dentro-de-su-vivienda-en-charata\/","title":{"rendered":"Encuentran a un hombre sin vida dentro de su vivienda en Charata"},"content":{"rendered":"\n<h3 class=\"wp-block-heading\"><strong>En la ma\u00f1ana de este domingo, cerca de las 10:45, personal policial tom\u00f3 conocimiento sobre un hombre mayor de edad, sin vida, en calle p\u00fablica del barrio Jorge Newbery de Charata.<\/strong>&nbsp;<\/h3>\n\n\n\n<p>Constituida la prevenci\u00f3n al lugar,&nbsp;<strong>se entrevistan con C.R.M, quien manifest\u00f3 que su hermano, quien en vida fuera J.D.C, de 35 a\u00f1os, padec\u00eda una enfermedad la cual estaba bastante avanzada.<\/strong><\/p>\n\n\n\n<p><a href=\"https:\/\/www.youtube.com\/@datachacostream\/streams\" target=\"_blank\" rel=\"noreferrer noopener\"><\/a><\/p>\n\n\n\n<p>Consultado el fiscal en turno dispuso que se d\u00e9 intervenci\u00f3n al personal de la Divisi\u00f3n Medicina Legal.<\/p>\n\n\n\n<p>Momentos despu\u00e9s arrib\u00f3 el m\u00e9dico que examin\u00f3 el cuerpo y&nbsp;<strong>diagnostic\u00f3 que la causa de muerte fue \u00abparo cardiorrespiratorio no traum\u00e1tico (muerte natural)\u00bb.<\/strong><\/p>\n\n\n\n<p>Conforme a lo ordenado por el magistrado actuante,<strong>&nbsp;se hizo entrega del cuerpo a sus familiares para los fines p\u00f3stumos.<\/strong><\/p>\n","protected":false},"excerpt":{"rendered":"<p>En la ma\u00f1ana de este domingo, cerca de las 10:45, personal policial tom\u00f3 conocimiento sobre un hombre mayor de edad, sin vida, en calle p\u00fablica del barrio Jorge Newbery de Charata.&nbsp; Constituida la prevenci\u00f3n al lugar,&nbsp;se entrevistan con C.R.M, quien manifest\u00f3 que su hermano, quien en vida fuera J.D.C, de 35 a\u00f1os, padec\u00eda una enfermedad &hellip;<\/p>\n","protected":false},"author":2,"featured_media":114908,"comment_status":"open","ping_status":"open","sticky":false,"template":"","format":"standard","meta":{"_jetpack_memberships_contains_paid_content":false,"footnotes":"","jetpack_publicize_message":"","jetpack_publicize_feature_enabled":true,"jetpack_social_post_already_shared":true,"jetpack_social_options":{"image_generator_settings":{"template":"highway","default_image_id":0,"font":"","enabled":false},"version":2}},"categories":[5,8],"tags":[],"class_list":["post-114907","post","type-post","status-publish","format-standard","has-post-thumbnail","hentry","category-chaco","category-policiales"],"jetpack_publicize_connections":[],"jetpack_featured_media_url":"https:\/\/portalmovil.com.ar\/wp-content\/uploads\/2025\/11\/185256w480h303c.jpg.webp","jetpack_sharing_enabled":true,"amp_enabled":true,"_links":{"self":[{"href":"https:\/\/portalmovil.com.ar\/index.php\/wp-json\/wp\/v2\/posts\/114907","targetHints":{"allow":["GET"]}}],"collection":[{"href":"https:\/\/portalmovil.com.ar\/index.php\/wp-json\/wp\/v2\/posts"}],"about":[{"href":"https:\/\/portalmovil.com.ar\/index.php\/wp-json\/wp\/v2\/types\/post"}],"author":[{"embeddable":true,"href":"https:\/\/portalmovil.com.ar\/index.php\/wp-json\/wp\/v2\/users\/2"}],"replies":[{"embeddable":true,"href":"https:\/\/portalmovil.com.ar\/index.php\/wp-json\/wp\/v2\/comments?post=114907"}],"version-history":[{"count":1,"href":"https:\/\/portalmovil.com.ar\/index.php\/wp-json\/wp\/v2\/posts\/114907\/revisions"}],"predecessor-version":[{"id":114909,"href":"https:\/\/portalmovil.com.ar\/index.php\/wp-json\/wp\/v2\/posts\/114907\/revisions\/114909"}],"wp:featuredmedia":[{"embeddable":true,"href":"https:\/\/portalmovil.com.ar\/index.php\/wp-json\/wp\/v2\/media\/114908"}],"wp:attachment":[{"href":"https:\/\/portalmovil.com.ar\/index.php\/wp-json\/wp\/v2\/media?parent=114907"}],"wp:term":[{"taxonomy":"category","embeddable":true,"href":"https:\/\/portalmovil.com.ar\/index.php\/wp-json\/wp\/v2\/categories?post=114907"},{"taxonomy":"post_tag","embeddable":true,"href":"https:\/\/portalmovil.com.ar\/index.php\/wp-json\/wp\/v2\/tags?post=114907"}],"curies":[{"name":"wp","href":"https:\/\/api.w.org\/{rel}","templated":true}]}}