{"id":114886,"date":"2025-11-28T20:56:17","date_gmt":"2025-11-28T23:56:17","guid":{"rendered":"https:\/\/portalmovil.com.ar\/?p=114886"},"modified":"2025-11-28T20:56:19","modified_gmt":"2025-11-28T23:56:19","slug":"marcela-acuna-nos-condenaron-por-piqueteros","status":"publish","type":"post","link":"https:\/\/portalmovil.com.ar\/index.php\/2025\/11\/28\/marcela-acuna-nos-condenaron-por-piqueteros\/","title":{"rendered":"Marcela Acu\u00f1a: \u00abNos condenaron por piqueteros\u00bb"},"content":{"rendered":"\n<p>Aqu\u00ed ten\u00e9s una <strong>versi\u00f3n period\u00edstica resumida y ordenada<\/strong>, lista para publicar:<\/p>\n\n\n\n<hr class=\"wp-block-separator has-alpha-channel-opacity\"\/>\n\n\n\n<h3 class=\"wp-block-heading\"><strong>Acu\u00f1a cuestion\u00f3 el juicio, defendi\u00f3 a Emerenciano y habl\u00f3 de \u201cestigmatizaci\u00f3n\u201d en sus \u00faltimas palabras ante el tribunal<\/strong><\/h3>\n\n\n\n<p>Tras los alegatos finales en la audiencia de cesura, <strong>Marcela Acu\u00f1a<\/strong>, declarada culpable como part\u00edcipe primaria del femicidio de <strong>Cecilia Strzyzowski<\/strong>, hizo uso de sus \u00faltimas palabras y lanz\u00f3 duras cr\u00edticas al proceso judicial. Tambi\u00e9n volvi\u00f3 a defender a <strong>Emerenciano Sena<\/strong> y mencion\u00f3 a los <strong>30.000 desaparecidos<\/strong>, en un mensaje donde cuestion\u00f3 al jurado y denunci\u00f3 estigmatizaci\u00f3n hacia su familia.<\/p>\n\n\n\n<p>Acu\u00f1a sostuvo que tanto ella como su pareja fueron juzgados \u201cde manera injusta\u201d y apunt\u00f3 especialmente a la situaci\u00f3n de Emerenciano.<br>\u201c<strong>Que Emerenciano sea condenado a perpetua por una esquela que no hizo y por un audio poco comprobable es algo que sirve para algunas cuestiones, pero no para dar una perpetua<\/strong>\u201d, afirm\u00f3.<\/p>\n\n\n\n<p>La dirigente record\u00f3 que proviene \u201cde una familia de abogados\u201d y que su padre fue defensor de derechos humanos.<br>\u201c<strong>Esto es una verg\u00fcenza en todos los sentidos. Si alguien est\u00e1 de acuerdo en condenar a un inocente es tan morboso como lo que pas\u00f3 con Cecilia. Nosotros ya estamos condenados<\/strong>\u201d, expres\u00f3.<\/p>\n\n\n\n<p>Acu\u00f1a se\u00f1al\u00f3 que el <strong>jurado popular los vio como \u2018piqueteros\u2019 y no como personas sujetas de derechos<\/strong>, y denunci\u00f3 que su familia fue blanco de estigmatizaciones.<br>Incluso mencion\u00f3 que, durante el proceso, \u201c<strong>se dijeron barbaridades como que C\u00e9sar no era hijo de Emerenciano<\/strong>\u201d. En esa l\u00ednea, agreg\u00f3: \u201c<strong>La Justicia existe porque tenemos una democracia donde hubo 30 mil compa\u00f1eros desaparecidos que hoy nos faltan<\/strong>\u201d.<\/p>\n\n\n\n<p>Tambi\u00e9n critic\u00f3 la reconstrucci\u00f3n del caso presentada en el debate:<br>\u201c<strong>Lo que se dio a conocer fue un relato morboso de Truman Capote que sacaron de alg\u00fan lado y legitimaron con mentiras<\/strong>\u201d.<\/p>\n\n\n\n<p>La l\u00edder del movimiento social volvi\u00f3 a defender a Sena:<br>\u201c<strong>Un movimiento social que se junta y pide cosas no es una organizaci\u00f3n criminal. Eso no es algo delictivo<\/strong>\u201d.<\/p>\n\n\n\n<p>Acu\u00f1a tambi\u00e9n agradeci\u00f3 a su defensora oficial, <strong>Celeste Ojeda<\/strong>, y asegur\u00f3 que ella \u201c<strong>tambi\u00e9n es estigmatizada por defenderme<\/strong>\u201d.<\/p>\n\n\n\n<p>Finalmente, al igual que su hijo C\u00e9sar en la audiencia, pidi\u00f3 no ser alejada de su entorno familiar:<br>\u201c<strong>Ya me han hecho de todo, me han puesto en una c\u00e1rcel de hombres. Lo \u00fanico que pido es que no me trasladen, quiero estar junto a mi hijo, a Emerenciano, a mi nieta y a mi hija Paula<\/strong>\u201d.<\/p>\n\n\n\n<hr class=\"wp-block-separator has-alpha-channel-opacity\"\/>\n","protected":false},"excerpt":{"rendered":"<p>Aqu\u00ed ten\u00e9s una versi\u00f3n period\u00edstica resumida y ordenada, lista para publicar: Acu\u00f1a cuestion\u00f3 el juicio, defendi\u00f3 a Emerenciano y habl\u00f3 de \u201cestigmatizaci\u00f3n\u201d en sus \u00faltimas palabras ante el tribunal Tras los alegatos finales en la audiencia de cesura, Marcela Acu\u00f1a, declarada culpable como part\u00edcipe primaria del femicidio de Cecilia Strzyzowski, hizo uso de sus \u00faltimas &hellip;<\/p>\n","protected":false},"author":2,"featured_media":114887,"comment_status":"open","ping_status":"open","sticky":false,"template":"","format":"standard","meta":{"_jetpack_memberships_contains_paid_content":false,"footnotes":"","jetpack_publicize_message":"","jetpack_publicize_feature_enabled":true,"jetpack_social_post_already_shared":true,"jetpack_social_options":{"image_generator_settings":{"template":"highway","default_image_id":0,"font":"","enabled":false},"version":2}},"categories":[50,14],"tags":[],"class_list":["post-114886","post","type-post","status-publish","format-standard","has-post-thumbnail","hentry","category-judiciales","category-politica"],"jetpack_publicize_connections":[],"jetpack_featured_media_url":"https:\/\/portalmovil.com.ar\/wp-content\/uploads\/2025\/11\/IMG-20251128-WA0028.jpg","jetpack_sharing_enabled":true,"amp_enabled":true,"_links":{"self":[{"href":"https:\/\/portalmovil.com.ar\/index.php\/wp-json\/wp\/v2\/posts\/114886","targetHints":{"allow":["GET"]}}],"collection":[{"href":"https:\/\/portalmovil.com.ar\/index.php\/wp-json\/wp\/v2\/posts"}],"about":[{"href":"https:\/\/portalmovil.com.ar\/index.php\/wp-json\/wp\/v2\/types\/post"}],"author":[{"embeddable":true,"href":"https:\/\/portalmovil.com.ar\/index.php\/wp-json\/wp\/v2\/users\/2"}],"replies":[{"embeddable":true,"href":"https:\/\/portalmovil.com.ar\/index.php\/wp-json\/wp\/v2\/comments?post=114886"}],"version-history":[{"count":1,"href":"https:\/\/portalmovil.com.ar\/index.php\/wp-json\/wp\/v2\/posts\/114886\/revisions"}],"predecessor-version":[{"id":114888,"href":"https:\/\/portalmovil.com.ar\/index.php\/wp-json\/wp\/v2\/posts\/114886\/revisions\/114888"}],"wp:featuredmedia":[{"embeddable":true,"href":"https:\/\/portalmovil.com.ar\/index.php\/wp-json\/wp\/v2\/media\/114887"}],"wp:attachment":[{"href":"https:\/\/portalmovil.com.ar\/index.php\/wp-json\/wp\/v2\/media?parent=114886"}],"wp:term":[{"taxonomy":"category","embeddable":true,"href":"https:\/\/portalmovil.com.ar\/index.php\/wp-json\/wp\/v2\/categories?post=114886"},{"taxonomy":"post_tag","embeddable":true,"href":"https:\/\/portalmovil.com.ar\/index.php\/wp-json\/wp\/v2\/tags?post=114886"}],"curies":[{"name":"wp","href":"https:\/\/api.w.org\/{rel}","templated":true}]}}