{"id":114881,"date":"2025-11-28T10:48:10","date_gmt":"2025-11-28T13:48:10","guid":{"rendered":"https:\/\/portalmovil.com.ar\/?p=114881"},"modified":"2025-11-28T10:48:12","modified_gmt":"2025-11-28T13:48:12","slug":"piden-5-anos-y-10-meses-de-condena-para-obregon-y-gonzalez-melgarejo-afronta-pedido-de-prision-efectiva","status":"publish","type":"post","link":"https:\/\/portalmovil.com.ar\/index.php\/2025\/11\/28\/piden-5-anos-y-10-meses-de-condena-para-obregon-y-gonzalez-melgarejo-afronta-pedido-de-prision-efectiva\/","title":{"rendered":"Piden 5 a\u00f1os y 10 meses de condena para Obreg\u00f3n y Gonz\u00e1lez; Melgarejo afronta pedido de prisi\u00f3n efectiva"},"content":{"rendered":"\n<p><strong>La tercera jornada de cesura en el juicio por el femicidio de Cecilia Strzyzowski avanz\u00f3 este viernes con el alegato completo del Equipo Fiscal Especial<\/strong>, luego de que la jueza Dolly Fern\u00e1ndez confirmara la ausencia de C\u00e9sar Sena y Emerenciano Sena, quienes no fueron trasladados por decisi\u00f3n de sus defensas. Tambi\u00e9n se inform\u00f3 que el \u00faltimo testigo pendiente desisti\u00f3 de declarar, lo que dej\u00f3 el camino despejado para los argumentos finales.<\/p>\n\n\n\n<p>Durante su exposici\u00f3n,\u00a0<strong>el Ministerio P\u00fablico Fiscal reclam\u00f3 prisi\u00f3n perpetua para C\u00e9sar Sena, Emerenciano Sena y Marcela Acu\u00f1a<\/strong>. Los fiscales sostuvieron que el crimen respondi\u00f3 a una \u00ab<strong>planificaci\u00f3n<\/strong>\u00bb dentro del \u00e1mbito familiar y remarcaron que el caso exhibi\u00f3 \u00ab<strong>la m\u00e1xima gravedad prevista por la ley penal<\/strong>\u00ab. Para la Fiscal\u00eda, tanto el autor material como sus padres actuaron con plena conciencia y coordinaci\u00f3n, lo que encuadra en el art\u00edculo 80 del C\u00f3digo Penal y habilita la pena absoluta.<\/p>\n\n\n\n<p>El alegato tambi\u00e9n incluy\u00f3 la solicitud de condenas para los colaboradores.&nbsp;<strong>En el caso de Gustavo Obreg\u00f3n y Fabiana Gonz\u00e1lez, acusados de encubrimiento agravado, los fiscales describieron una serie de conductas destinadas a garantizar la impunidad del hech<\/strong>o: limpieza de la vivienda, traslado de objetos, manipulaci\u00f3n de mensajes y participaci\u00f3n en maniobras posteriores al asesinato. Tras repasar cada una de esas acciones,&nbsp;<strong>el equipo fiscal pidi\u00f3 una pena de 5 a\u00f1os y 10 meses de prisi\u00f3n efectiva para ambos<\/strong>, destacando que el \u00fanico atenuante aplicable es la falta de antecedentes.<\/p>\n\n\n\n<p><strong>En cuanto a Gustavo Melgarejo,<\/strong>&nbsp;quien fue declarado culpable de encubrimiento simple, la Fiscal\u00eda se\u00f1al\u00f3 que su rol en el Campo Rossi no fue \u00abpasivo\u00bb, sino que incluy\u00f3 vigilar la quemaz\u00f3n y colaborar en la desaparici\u00f3n de evidencias.<strong>&nbsp;Concluy\u00f3 que su participaci\u00f3n busc\u00f3 favorecer la impunidad general, y solicit\u00f3 una pena de 2 a\u00f1os y 10 meses de prisi\u00f3n, m\u00e1s su inmediata detenci\u00f3n.<\/strong><\/p>\n","protected":false},"excerpt":{"rendered":"<p>La tercera jornada de cesura en el juicio por el femicidio de Cecilia Strzyzowski avanz\u00f3 este viernes con el alegato completo del Equipo Fiscal Especial, luego de que la jueza Dolly Fern\u00e1ndez confirmara la ausencia de C\u00e9sar Sena y Emerenciano Sena, quienes no fueron trasladados por decisi\u00f3n de sus defensas. Tambi\u00e9n se inform\u00f3 que el &hellip;<\/p>\n","protected":false},"author":2,"featured_media":114882,"comment_status":"open","ping_status":"open","sticky":false,"template":"","format":"standard","meta":{"_jetpack_memberships_contains_paid_content":false,"footnotes":"","jetpack_publicize_message":"","jetpack_publicize_feature_enabled":true,"jetpack_social_post_already_shared":true,"jetpack_social_options":{"image_generator_settings":{"template":"highway","default_image_id":0,"font":"","enabled":false},"version":2}},"categories":[5,50],"tags":[],"class_list":["post-114881","post","type-post","status-publish","format-standard","has-post-thumbnail","hentry","category-chaco","category-judiciales"],"jetpack_publicize_connections":[],"jetpack_featured_media_url":"https:\/\/portalmovil.com.ar\/wp-content\/uploads\/2025\/11\/IMG-20251128-WA0046.jpg","jetpack_sharing_enabled":true,"amp_enabled":true,"_links":{"self":[{"href":"https:\/\/portalmovil.com.ar\/index.php\/wp-json\/wp\/v2\/posts\/114881","targetHints":{"allow":["GET"]}}],"collection":[{"href":"https:\/\/portalmovil.com.ar\/index.php\/wp-json\/wp\/v2\/posts"}],"about":[{"href":"https:\/\/portalmovil.com.ar\/index.php\/wp-json\/wp\/v2\/types\/post"}],"author":[{"embeddable":true,"href":"https:\/\/portalmovil.com.ar\/index.php\/wp-json\/wp\/v2\/users\/2"}],"replies":[{"embeddable":true,"href":"https:\/\/portalmovil.com.ar\/index.php\/wp-json\/wp\/v2\/comments?post=114881"}],"version-history":[{"count":1,"href":"https:\/\/portalmovil.com.ar\/index.php\/wp-json\/wp\/v2\/posts\/114881\/revisions"}],"predecessor-version":[{"id":114883,"href":"https:\/\/portalmovil.com.ar\/index.php\/wp-json\/wp\/v2\/posts\/114881\/revisions\/114883"}],"wp:featuredmedia":[{"embeddable":true,"href":"https:\/\/portalmovil.com.ar\/index.php\/wp-json\/wp\/v2\/media\/114882"}],"wp:attachment":[{"href":"https:\/\/portalmovil.com.ar\/index.php\/wp-json\/wp\/v2\/media?parent=114881"}],"wp:term":[{"taxonomy":"category","embeddable":true,"href":"https:\/\/portalmovil.com.ar\/index.php\/wp-json\/wp\/v2\/categories?post=114881"},{"taxonomy":"post_tag","embeddable":true,"href":"https:\/\/portalmovil.com.ar\/index.php\/wp-json\/wp\/v2\/tags?post=114881"}],"curies":[{"name":"wp","href":"https:\/\/api.w.org\/{rel}","templated":true}]}}