{"id":114878,"date":"2025-11-27T20:42:38","date_gmt":"2025-11-27T23:42:38","guid":{"rendered":"https:\/\/portalmovil.com.ar\/?p=114878"},"modified":"2025-11-27T20:42:40","modified_gmt":"2025-11-27T23:42:40","slug":"violencia-de-genero-fue-detenido-tras-agredir-a-su-novia-con-un-palo","status":"publish","type":"post","link":"https:\/\/portalmovil.com.ar\/index.php\/2025\/11\/27\/violencia-de-genero-fue-detenido-tras-agredir-a-su-novia-con-un-palo\/","title":{"rendered":"Violencia de g\u00e9nero: fue detenido tras agredir a su novia con un palo"},"content":{"rendered":"\n<p>La Comisar\u00eda D\u00e9cima de Resistencia detuvo en Villa Chica, a M.C., en la causa \u00abSupuestas Lesiones en Contexto de Violencia de G\u00e9nero\u00bb.&nbsp;<\/p>\n\n\n\n<p>La denunciante de 21 a\u00f1os, manifest\u00f3 ante la Polic\u00eda, que, al llegar al domicilio de su suegro en donde viv\u00eda con su pareja (M.C.), este reaccion\u00f3 de mala manera en su contra por celos y la golpe\u00f3 en la espalda con un palo de escoba y luego le rompi\u00f3 su tel\u00e9fono.<\/p>\n\n\n\n<p>La v\u00edctima logr\u00f3 escapar y pidi\u00f3 auxilio, para luego acercarse a la comisar\u00eda a hacer la denuncia. Los oficiales se dirigieron al domicilio inmediatamente y detuvieron al agresor.&nbsp;<\/p>\n","protected":false},"excerpt":{"rendered":"<p>La Comisar\u00eda D\u00e9cima de Resistencia detuvo en Villa Chica, a M.C., en la causa \u00abSupuestas Lesiones en Contexto de Violencia de G\u00e9nero\u00bb.&nbsp; La denunciante de 21 a\u00f1os, manifest\u00f3 ante la Polic\u00eda, que, al llegar al domicilio de su suegro en donde viv\u00eda con su pareja (M.C.), este reaccion\u00f3 de mala manera en su contra por &hellip;<\/p>\n","protected":false},"author":2,"featured_media":114879,"comment_status":"open","ping_status":"open","sticky":false,"template":"","format":"standard","meta":{"_jetpack_memberships_contains_paid_content":false,"footnotes":"","jetpack_publicize_message":"","jetpack_publicize_feature_enabled":true,"jetpack_social_post_already_shared":true,"jetpack_social_options":{"image_generator_settings":{"template":"highway","default_image_id":0,"font":"","enabled":false},"version":2}},"categories":[5,8],"tags":[],"class_list":["post-114878","post","type-post","status-publish","format-standard","has-post-thumbnail","hentry","category-chaco","category-policiales"],"jetpack_publicize_connections":[],"jetpack_featured_media_url":"https:\/\/portalmovil.com.ar\/wp-content\/uploads\/2025\/11\/650959w480h346c.jpg.webp","jetpack_sharing_enabled":true,"amp_enabled":true,"_links":{"self":[{"href":"https:\/\/portalmovil.com.ar\/index.php\/wp-json\/wp\/v2\/posts\/114878","targetHints":{"allow":["GET"]}}],"collection":[{"href":"https:\/\/portalmovil.com.ar\/index.php\/wp-json\/wp\/v2\/posts"}],"about":[{"href":"https:\/\/portalmovil.com.ar\/index.php\/wp-json\/wp\/v2\/types\/post"}],"author":[{"embeddable":true,"href":"https:\/\/portalmovil.com.ar\/index.php\/wp-json\/wp\/v2\/users\/2"}],"replies":[{"embeddable":true,"href":"https:\/\/portalmovil.com.ar\/index.php\/wp-json\/wp\/v2\/comments?post=114878"}],"version-history":[{"count":1,"href":"https:\/\/portalmovil.com.ar\/index.php\/wp-json\/wp\/v2\/posts\/114878\/revisions"}],"predecessor-version":[{"id":114880,"href":"https:\/\/portalmovil.com.ar\/index.php\/wp-json\/wp\/v2\/posts\/114878\/revisions\/114880"}],"wp:featuredmedia":[{"embeddable":true,"href":"https:\/\/portalmovil.com.ar\/index.php\/wp-json\/wp\/v2\/media\/114879"}],"wp:attachment":[{"href":"https:\/\/portalmovil.com.ar\/index.php\/wp-json\/wp\/v2\/media?parent=114878"}],"wp:term":[{"taxonomy":"category","embeddable":true,"href":"https:\/\/portalmovil.com.ar\/index.php\/wp-json\/wp\/v2\/categories?post=114878"},{"taxonomy":"post_tag","embeddable":true,"href":"https:\/\/portalmovil.com.ar\/index.php\/wp-json\/wp\/v2\/tags?post=114878"}],"curies":[{"name":"wp","href":"https:\/\/api.w.org\/{rel}","templated":true}]}}