{"id":114871,"date":"2025-11-27T16:30:37","date_gmt":"2025-11-27T19:30:37","guid":{"rendered":"https:\/\/portalmovil.com.ar\/?p=114871"},"modified":"2025-11-27T16:30:39","modified_gmt":"2025-11-27T19:30:39","slug":"el-padre-de-neymar-jr-compro-la-marca-de-pele-por-18-millones-de-dolares","status":"publish","type":"post","link":"https:\/\/portalmovil.com.ar\/index.php\/2025\/11\/27\/el-padre-de-neymar-jr-compro-la-marca-de-pele-por-18-millones-de-dolares\/","title":{"rendered":"El padre de Neymar Jr. compr\u00f3 la marca de Pel\u00e9 por 18 millones de d\u00f3lares"},"content":{"rendered":"\n<p>Desde Brasil,<strong>\u00a0Neymar\u00a0<\/strong>dio un paso adelante en el sentido de pertenencia, ya que,\u00a0<strong>mediante su empresa NR Sports, adquiri\u00f3 la marca Pel\u00e9<\/strong>, la ic\u00f3nica figura de la \u201cVerdeamarela\u201d,\u00a0<strong>la cual pertenec\u00eda a un grupo brit\u00e1nico.<\/strong><\/p>\n\n\n\n<p>El anuncio se realiz\u00f3 en el Museo Pel\u00e9 de Santos,&nbsp;<strong>donde se inform\u00f3 que la transacci\u00f3n rond\u00f3 los 18 millones de d\u00f3lares, seg\u00fan inform\u00f3 la prensa brasile\u00f1a.<\/strong><\/p>\n\n\n\n<p><strong>\u201cDevolver su marca a Brasil es regresar un pedazo de nuestra propia identidad. Queremos realzar su identidad y traerla al presente\u201d<\/strong>, coment\u00f3 Neymar en el evento que anunci\u00f3 el regreso de la marca.<\/p>\n\n\n\n<p>Entre los presentes estuvo Flavia Christina Kurtz Nascimento, hija de Pel\u00e9, quien se mostr\u00f3 emocionada: \u201cNo hay palabras para describir la emoci\u00f3n de recuperar una marca que es alma, humanidad, amor. No tiene precio&#8230; como su hija, me siento honrada y feliz\u201d.<\/p>\n\n\n\n<p><strong>Durante m\u00e1s de una d\u00e9cada, los derechos estuvieron en manos extranjeras: primero los adquiri\u00f3 la firma brasile\u00f1a Prime en 2005 y luego, en 2012, pasaron a la agencia estadounidense Sport 10<\/strong>, dirigida por el empresario brit\u00e1nico Paul Kemsley.<\/p>\n","protected":false},"excerpt":{"rendered":"<p>Desde Brasil,\u00a0Neymar\u00a0dio un paso adelante en el sentido de pertenencia, ya que,\u00a0mediante su empresa NR Sports, adquiri\u00f3 la marca Pel\u00e9, la ic\u00f3nica figura de la \u201cVerdeamarela\u201d,\u00a0la cual pertenec\u00eda a un grupo brit\u00e1nico. El anuncio se realiz\u00f3 en el Museo Pel\u00e9 de Santos,&nbsp;donde se inform\u00f3 que la transacci\u00f3n rond\u00f3 los 18 millones de d\u00f3lares, seg\u00fan inform\u00f3 &hellip;<\/p>\n","protected":false},"author":2,"featured_media":114872,"comment_status":"open","ping_status":"open","sticky":false,"template":"","format":"standard","meta":{"_jetpack_memberships_contains_paid_content":false,"footnotes":"","jetpack_publicize_message":"","jetpack_publicize_feature_enabled":true,"jetpack_social_post_already_shared":true,"jetpack_social_options":{"image_generator_settings":{"template":"highway","default_image_id":0,"font":"","enabled":false},"version":2}},"categories":[15],"tags":[],"class_list":["post-114871","post","type-post","status-publish","format-standard","has-post-thumbnail","hentry","category-deportes"],"jetpack_publicize_connections":[],"jetpack_featured_media_url":"https:\/\/portalmovil.com.ar\/wp-content\/uploads\/2025\/11\/720.webp","jetpack_sharing_enabled":true,"amp_enabled":true,"_links":{"self":[{"href":"https:\/\/portalmovil.com.ar\/index.php\/wp-json\/wp\/v2\/posts\/114871","targetHints":{"allow":["GET"]}}],"collection":[{"href":"https:\/\/portalmovil.com.ar\/index.php\/wp-json\/wp\/v2\/posts"}],"about":[{"href":"https:\/\/portalmovil.com.ar\/index.php\/wp-json\/wp\/v2\/types\/post"}],"author":[{"embeddable":true,"href":"https:\/\/portalmovil.com.ar\/index.php\/wp-json\/wp\/v2\/users\/2"}],"replies":[{"embeddable":true,"href":"https:\/\/portalmovil.com.ar\/index.php\/wp-json\/wp\/v2\/comments?post=114871"}],"version-history":[{"count":1,"href":"https:\/\/portalmovil.com.ar\/index.php\/wp-json\/wp\/v2\/posts\/114871\/revisions"}],"predecessor-version":[{"id":114873,"href":"https:\/\/portalmovil.com.ar\/index.php\/wp-json\/wp\/v2\/posts\/114871\/revisions\/114873"}],"wp:featuredmedia":[{"embeddable":true,"href":"https:\/\/portalmovil.com.ar\/index.php\/wp-json\/wp\/v2\/media\/114872"}],"wp:attachment":[{"href":"https:\/\/portalmovil.com.ar\/index.php\/wp-json\/wp\/v2\/media?parent=114871"}],"wp:term":[{"taxonomy":"category","embeddable":true,"href":"https:\/\/portalmovil.com.ar\/index.php\/wp-json\/wp\/v2\/categories?post=114871"},{"taxonomy":"post_tag","embeddable":true,"href":"https:\/\/portalmovil.com.ar\/index.php\/wp-json\/wp\/v2\/tags?post=114871"}],"curies":[{"name":"wp","href":"https:\/\/api.w.org\/{rel}","templated":true}]}}