{"id":114854,"date":"2025-11-27T08:48:33","date_gmt":"2025-11-27T11:48:33","guid":{"rendered":"https:\/\/portalmovil.com.ar\/?p=114854"},"modified":"2025-11-27T08:48:36","modified_gmt":"2025-11-27T11:48:36","slug":"resistencia-detuvieron-a-un-hombre-acusado-de-intentar-abusar-de-una-adolescente","status":"publish","type":"post","link":"https:\/\/portalmovil.com.ar\/index.php\/2025\/11\/27\/resistencia-detuvieron-a-un-hombre-acusado-de-intentar-abusar-de-una-adolescente\/","title":{"rendered":"Resistencia: detuvieron a un hombre acusado de intentar abusar de una adolescente"},"content":{"rendered":"\n<p>El hecho ocurri\u00f3 en la tarde del mi\u00e9rcoles 26 de noviembre de 2025, alrededor de las 14 horas, y fue denunciado por el padre de la v\u00edctima, una adolescente de 16 a\u00f1os.<\/p>\n\n\n\n<p>La menor se encontraba caminando sola por la avenida Hernandarias luego de salir de la escuela Mariano Ferreyra. Seg\u00fan lo expresado en la denuncia, el sospechoso sali\u00f3 de su casa, tom\u00f3 a la adolescente por los brazos e intent\u00f3 introducirla por la fuerza al interior del domicilio.<\/p>\n\n\n\n<p>El padre de una menor de 16 a\u00f1os denunci\u00f3 ante la Polic\u00eda que, alrededor de las 14 horas, su hija sali\u00f3 de la escuela Mariano Ferreyra y comenz\u00f3 a caminar sola por la avenida Hernandarias cerca de la casa del actual detenido.<\/p>\n\n\n\n<p>De repente, seg\u00fan lo que adujo su padre, la adolescente fue sorprendida por un hombre que sali\u00f3 del interior de dicho domicilio, la tom\u00f3 de los brazos e intent\u00f3 meterla al interior de la casa, logrando tocarle el busto.<\/p>\n\n\n\n<p>La menor logr\u00f3 zafarse y llamar por tel\u00e9fono a su padre. Este llam\u00f3 al 911 solicitando un m\u00f3vil en el lugar. Asimismo, el mismo manifest\u00f3 que no desea que su hija sea examinada ya que ella se encuentra bien.<\/p>\n","protected":false},"excerpt":{"rendered":"<p>El hecho ocurri\u00f3 en la tarde del mi\u00e9rcoles 26 de noviembre de 2025, alrededor de las 14 horas, y fue denunciado por el padre de la v\u00edctima, una adolescente de 16 a\u00f1os. La menor se encontraba caminando sola por la avenida Hernandarias luego de salir de la escuela Mariano Ferreyra. Seg\u00fan lo expresado en la &hellip;<\/p>\n","protected":false},"author":2,"featured_media":114855,"comment_status":"open","ping_status":"open","sticky":false,"template":"","format":"standard","meta":{"_jetpack_memberships_contains_paid_content":false,"footnotes":"","jetpack_publicize_message":"","jetpack_publicize_feature_enabled":true,"jetpack_social_post_already_shared":true,"jetpack_social_options":{"image_generator_settings":{"template":"highway","default_image_id":0,"font":"","enabled":false},"version":2}},"categories":[5,8],"tags":[],"class_list":["post-114854","post","type-post","status-publish","format-standard","has-post-thumbnail","hentry","category-chaco","category-policiales"],"jetpack_publicize_connections":[],"jetpack_featured_media_url":"https:\/\/portalmovil.com.ar\/wp-content\/uploads\/2025\/11\/policia-sup-abuso.jpg","jetpack_sharing_enabled":true,"amp_enabled":true,"_links":{"self":[{"href":"https:\/\/portalmovil.com.ar\/index.php\/wp-json\/wp\/v2\/posts\/114854","targetHints":{"allow":["GET"]}}],"collection":[{"href":"https:\/\/portalmovil.com.ar\/index.php\/wp-json\/wp\/v2\/posts"}],"about":[{"href":"https:\/\/portalmovil.com.ar\/index.php\/wp-json\/wp\/v2\/types\/post"}],"author":[{"embeddable":true,"href":"https:\/\/portalmovil.com.ar\/index.php\/wp-json\/wp\/v2\/users\/2"}],"replies":[{"embeddable":true,"href":"https:\/\/portalmovil.com.ar\/index.php\/wp-json\/wp\/v2\/comments?post=114854"}],"version-history":[{"count":1,"href":"https:\/\/portalmovil.com.ar\/index.php\/wp-json\/wp\/v2\/posts\/114854\/revisions"}],"predecessor-version":[{"id":114856,"href":"https:\/\/portalmovil.com.ar\/index.php\/wp-json\/wp\/v2\/posts\/114854\/revisions\/114856"}],"wp:featuredmedia":[{"embeddable":true,"href":"https:\/\/portalmovil.com.ar\/index.php\/wp-json\/wp\/v2\/media\/114855"}],"wp:attachment":[{"href":"https:\/\/portalmovil.com.ar\/index.php\/wp-json\/wp\/v2\/media?parent=114854"}],"wp:term":[{"taxonomy":"category","embeddable":true,"href":"https:\/\/portalmovil.com.ar\/index.php\/wp-json\/wp\/v2\/categories?post=114854"},{"taxonomy":"post_tag","embeddable":true,"href":"https:\/\/portalmovil.com.ar\/index.php\/wp-json\/wp\/v2\/tags?post=114854"}],"curies":[{"name":"wp","href":"https:\/\/api.w.org\/{rel}","templated":true}]}}