{"id":114835,"date":"2025-11-26T12:32:27","date_gmt":"2025-11-26T15:32:27","guid":{"rendered":"https:\/\/portalmovil.com.ar\/?p=114835"},"modified":"2025-11-26T12:32:29","modified_gmt":"2025-11-26T15:32:29","slug":"reconocen-a-mujeres-destacadas-en-el-dia-de-la-eliminacion-de-la-violencia-contra-la-mujer","status":"publish","type":"post","link":"https:\/\/portalmovil.com.ar\/index.php\/2025\/11\/26\/reconocen-a-mujeres-destacadas-en-el-dia-de-la-eliminacion-de-la-violencia-contra-la-mujer\/","title":{"rendered":"Reconocen a mujeres destacadas en el D\u00eda de la Eliminaci\u00f3n de la Violencia contra la Mujer"},"content":{"rendered":"\n<p>En el marco del D\u00eda Internacional de la Eliminaci\u00f3n de la Violencia contra la Mujer, la Legislatura chaque\u00f1a realiz\u00f3 un conversatorio y entreg\u00f3 distinciones a mujeres referentes, profesionales y sobrevivientes que trabajan en la prevenci\u00f3n, visibilizaci\u00f3n y acompa\u00f1amiento frente a las violencias de g\u00e9nero.<\/p>\n\n\n\n<p>El encuentro, declarado de Inter\u00e9s Legislativo y desarrollado en el Sal\u00f3n Auditorio \u201cNilda Telma Parre de Vaerner\u201d, cont\u00f3 con las disertaciones de M\u00f3nica Caballero, Florencia Cristoff y Ver\u00f3nica Saracho, quienes abordaron temas vinculados a derechos humanos, violencia obst\u00e9trica, educaci\u00f3n y comunicaci\u00f3n.<\/p>\n\n\n\n<p>El diputado provincial Samuel Vargas encabez\u00f3 la entrega de reconocimientos a m\u00e1s de una docena de mujeres provenientes de distintos \u00e1mbitos comunitarios, territoriales, educativos y profesionales, destacadas por su compromiso social, su tarea de acompa\u00f1amiento y su resiliencia.<\/p>\n\n\n\n<p>La jornada reafirm\u00f3 la importancia de fortalecer espacios de reflexi\u00f3n y acci\u00f3n colectiva para erradicar las violencias contra las mujeres en la provincia.<\/p>\n","protected":false},"excerpt":{"rendered":"<p>En el marco del D\u00eda Internacional de la Eliminaci\u00f3n de la Violencia contra la Mujer, la Legislatura chaque\u00f1a realiz\u00f3 un conversatorio y entreg\u00f3 distinciones a mujeres referentes, profesionales y sobrevivientes que trabajan en la prevenci\u00f3n, visibilizaci\u00f3n y acompa\u00f1amiento frente a las violencias de g\u00e9nero. El encuentro, declarado de Inter\u00e9s Legislativo y desarrollado en el Sal\u00f3n &hellip;<\/p>\n","protected":false},"author":2,"featured_media":114836,"comment_status":"open","ping_status":"open","sticky":false,"template":"","format":"standard","meta":{"_jetpack_memberships_contains_paid_content":false,"footnotes":"","jetpack_publicize_message":"","jetpack_publicize_feature_enabled":true,"jetpack_social_post_already_shared":true,"jetpack_social_options":{"image_generator_settings":{"template":"highway","default_image_id":0,"font":"","enabled":false},"version":2}},"categories":[5,14],"tags":[],"class_list":["post-114835","post","type-post","status-publish","format-standard","has-post-thumbnail","hentry","category-chaco","category-politica"],"jetpack_publicize_connections":[],"jetpack_featured_media_url":"https:\/\/portalmovil.com.ar\/wp-content\/uploads\/2025\/11\/650812w480h359c.jpg.webp","jetpack_sharing_enabled":true,"amp_enabled":true,"_links":{"self":[{"href":"https:\/\/portalmovil.com.ar\/index.php\/wp-json\/wp\/v2\/posts\/114835","targetHints":{"allow":["GET"]}}],"collection":[{"href":"https:\/\/portalmovil.com.ar\/index.php\/wp-json\/wp\/v2\/posts"}],"about":[{"href":"https:\/\/portalmovil.com.ar\/index.php\/wp-json\/wp\/v2\/types\/post"}],"author":[{"embeddable":true,"href":"https:\/\/portalmovil.com.ar\/index.php\/wp-json\/wp\/v2\/users\/2"}],"replies":[{"embeddable":true,"href":"https:\/\/portalmovil.com.ar\/index.php\/wp-json\/wp\/v2\/comments?post=114835"}],"version-history":[{"count":1,"href":"https:\/\/portalmovil.com.ar\/index.php\/wp-json\/wp\/v2\/posts\/114835\/revisions"}],"predecessor-version":[{"id":114837,"href":"https:\/\/portalmovil.com.ar\/index.php\/wp-json\/wp\/v2\/posts\/114835\/revisions\/114837"}],"wp:featuredmedia":[{"embeddable":true,"href":"https:\/\/portalmovil.com.ar\/index.php\/wp-json\/wp\/v2\/media\/114836"}],"wp:attachment":[{"href":"https:\/\/portalmovil.com.ar\/index.php\/wp-json\/wp\/v2\/media?parent=114835"}],"wp:term":[{"taxonomy":"category","embeddable":true,"href":"https:\/\/portalmovil.com.ar\/index.php\/wp-json\/wp\/v2\/categories?post=114835"},{"taxonomy":"post_tag","embeddable":true,"href":"https:\/\/portalmovil.com.ar\/index.php\/wp-json\/wp\/v2\/tags?post=114835"}],"curies":[{"name":"wp","href":"https:\/\/api.w.org\/{rel}","templated":true}]}}